{"id":12547,"date":"2025-01-26T14:43:47","date_gmt":"2025-01-26T11:43:47","guid":{"rendered":"https:\/\/www.egemtv.com\/?p=12547"},"modified":"2025-01-26T14:43:49","modified_gmt":"2025-01-26T11:43:49","slug":"67-yasinda-calismaktan-vazgecmiyor","status":"publish","type":"post","link":"https:\/\/www.egemtv.com\/?p=12547","title":{"rendered":"67 ya\u015f\u0131nda \u00e7al\u0131\u015fmaktan vazge\u00e7miyor"},"content":{"rendered":"<p>Ayd\u0131n\u2019\u0131n Karpuzlu il\u00e7esinde ya\u015fayan 67 ya\u015f\u0131ndaki Semiha \u015eahin, toplad\u0131\u011f\u0131 da\u011f \u00e7ilekleri ba\u015fta olmak \u00fczere \u00fcr\u00fcnlerini pazarda satarak evinin ge\u00e7imini sa\u011fl\u0131yor.<\/p>\n<p>Mimar Sinan Mahallesi\u2019nde Pazar g\u00fcn\u00fc kurulan Efekent Pazar\u0131\u2019nda tezgah a\u00e7an Semiha \u015eahin, yer elmas\u0131, bal kaba\u011f\u0131, asma yapra\u011f\u0131, nergis ve da\u011f \u00e7ile\u011fi sat\u0131\u015f\u0131 yap\u0131yor.  Mevsimine g\u00f6re satt\u0131\u011f\u0131 \u00fcr\u00fcnlerin de\u011fi\u015fkenlik g\u00f6sterdi\u011fini belirten \u015eahin &#8220;K\u00f6y yerinde bo\u015f bo\u015f oturup, g\u0131ybet yapmaktansa \u00e7al\u0131\u015fmak daha g\u00fczel&#8221; dedi.<\/p>\n<p>Da\u011f \u00e7ileklerini Karpuzlu il\u00e7esinin Tekeler Mahallesi\u2019nde da\u011fl\u0131k alanda toplad\u0131\u011f\u0131n\u0131 belirten \u015eahin, \u201cBo\u015f durmay\u0131 sevmiyorum.  Toplamas\u0131 zahmetli ama tad\u0131 lezzetli. Sezonuna g\u00f6re farkl\u0131 \u00fcr\u00fcnler pazara getiriyorum. Bu hafta toplad\u0131\u011f\u0131m nergis ve da\u011f \u00e7ileklerini getirdim. Da\u011f \u00e7ile\u011finin paketini 70 liradan veriyorum. Tad\u0131 \u00e7ok lezzetli. Bu \u00e7ile\u011fi sevenler g\u00f6rd\u00fc\u011f\u00fc gibi hemen al\u0131yor. Pazarlara gidip b\u00f6yle \u00fcr\u00fcn satarak ge\u00e7imimizi sa\u011flamaya \u00e7al\u0131\u015f\u0131yoruz\u201d diye konu\u015ftu.<br \/><\/p>\n","protected":false},"excerpt":{"rendered":"<p>Ayd\u0131n\u2019\u0131n Karpuzlu il\u00e7esinde ya\u015fayan 67 ya\u015f\u0131ndaki Semiha \u015eahin, toplad\u0131\u011f\u0131 da\u011f \u00e7ilekleri ba\u015fta olmak \u00fczere \u00fcr\u00fcnlerini pazarda satarak evinin ge\u00e7imini sa\u011fl\u0131yor. Mimar Sinan Mahallesi\u2019nde Pazar g\u00fcn\u00fc kurulan Efekent Pazar\u0131\u2019nda tezgah a\u00e7an Semiha \u015eahin, yer elmas\u0131, bal kaba\u011f\u0131, asma yapra\u011f\u0131, nergis ve da\u011f \u00e7ile\u011fi sat\u0131\u015f\u0131 yap\u0131yor. Mevsimine g\u00f6re satt\u0131\u011f\u0131 \u00fcr\u00fcnlerin de\u011fi\u015fkenlik g\u00f6sterdi\u011fini belirten \u015eahin &#8220;K\u00f6y yerinde bo\u015f&#8230;<\/p>\n","protected":false},"author":1,"featured_media":12548,"comment_status":"open","ping_status":"open","sticky":false,"template":"","format":"standard","meta":{"_crdt_document":"","footnotes":""},"categories":[123],"tags":[],"class_list":["post-12547","post","type-post","status-publish","format-standard","has-post-thumbnail","hentry","category-gundem"],"_links":{"self":[{"href":"https:\/\/www.egemtv.com\/index.php?rest_route=\/wp\/v2\/posts\/12547","targetHints":{"allow":["GET"]}}],"collection":[{"href":"https:\/\/www.egemtv.com\/index.php?rest_route=\/wp\/v2\/posts"}],"about":[{"href":"https:\/\/www.egemtv.com\/index.php?rest_route=\/wp\/v2\/types\/post"}],"author":[{"embeddable":true,"href":"https:\/\/www.egemtv.com\/index.php?rest_route=\/wp\/v2\/users\/1"}],"replies":[{"embeddable":true,"href":"https:\/\/www.egemtv.com\/index.php?rest_route=%2Fwp%2Fv2%2Fcomments&post=12547"}],"version-history":[{"count":1,"href":"https:\/\/www.egemtv.com\/index.php?rest_route=\/wp\/v2\/posts\/12547\/revisions"}],"predecessor-version":[{"id":12549,"href":"https:\/\/www.egemtv.com\/index.php?rest_route=\/wp\/v2\/posts\/12547\/revisions\/12549"}],"wp:featuredmedia":[{"embeddable":true,"href":"https:\/\/www.egemtv.com\/index.php?rest_route=\/wp\/v2\/media\/12548"}],"wp:attachment":[{"href":"https:\/\/www.egemtv.com\/index.php?rest_route=%2Fwp%2Fv2%2Fmedia&parent=12547"}],"wp:term":[{"taxonomy":"category","embeddable":true,"href":"https:\/\/www.egemtv.com\/index.php?rest_route=%2Fwp%2Fv2%2Fcategories&post=12547"},{"taxonomy":"post_tag","embeddable":true,"href":"https:\/\/www.egemtv.com\/index.php?rest_route=%2Fwp%2Fv2%2Ftags&post=12547"}],"curies":[{"name":"wp","href":"https:\/\/api.w.org\/{rel}","templated":true}]}}