{"id":12544,"date":"2025-01-26T14:37:03","date_gmt":"2025-01-26T11:37:03","guid":{"rendered":"https:\/\/www.egemtv.com\/?p=12544"},"modified":"2025-01-26T14:37:06","modified_gmt":"2025-01-26T11:37:06","slug":"kutahya-vakiflar-bolge-mudurlugu-mirac-kandili-dolasiyla-halka-salep-ikraminda-bulundu","status":"publish","type":"post","link":"https:\/\/www.egemtv.com\/?p=12544","title":{"rendered":"K\u00fctahya Vak\u0131flar B\u00f6lge M\u00fcd\u00fcrl\u00fc\u011f\u00fc, Mira\u00e7 Kandili dolas\u0131yla halka salep ikram\u0131nda bulundu"},"content":{"rendered":"<p>K\u00fctahya Vak\u0131flar B\u00f6lge M\u00fcd\u00fcrl\u00fc\u011f\u00fc, Mira\u00e7 Kandili dolay\u0131s\u0131yla vatanda\u015flara salep ikram\u0131nda bulundu. Etkinlik kapsam\u0131nda, Ali Pa\u015fa Camii \u00f6n\u00fcnde \u00f6\u011fle namaz\u0131n\u0131n ard\u0131ndan yakla\u015f\u0131k binlerce ki\u015fiye salep ikram edildi.<br \/>\n<br \/>K\u00fctahya Vak\u0131flar B\u00f6lge M\u00fcd\u00fcr\u00fc Yard\u0131mc\u0131s\u0131 Muhammed Enes \u00c7\u0131nar, K\u00fctahya, Eski\u015fehir, U\u015fak ve Afyonkarahisar\u2019da da vatanda\u015flarla manevi atmosferi payla\u015fmak i\u00e7in ikram etkinlikleri d\u00fczenledi\u011fini ifade etti.<br \/>\n<br \/>\u00c7\u0131nar, ayr\u0131ca bug\u00fcn Eski\u015fehir \u00c7ar\u015f\u0131 Camii, Afyonkarahisar Gedik Ahmet Pa\u015fa Camii ve U\u015fak Ulu Camii\u2019nde de \u00f6\u011fle namaz\u0131na m\u00fcteakip vatanda\u015flara salep ve kandil simidi ikram edildi\u011fini belirtti.<br \/><\/p>\n","protected":false},"excerpt":{"rendered":"<p>K\u00fctahya Vak\u0131flar B\u00f6lge M\u00fcd\u00fcrl\u00fc\u011f\u00fc, Mira\u00e7 Kandili dolay\u0131s\u0131yla vatanda\u015flara salep ikram\u0131nda bulundu. Etkinlik kapsam\u0131nda, Ali Pa\u015fa Camii \u00f6n\u00fcnde \u00f6\u011fle namaz\u0131n\u0131n ard\u0131ndan yakla\u015f\u0131k binlerce ki\u015fiye salep ikram edildi. K\u00fctahya Vak\u0131flar B\u00f6lge M\u00fcd\u00fcr\u00fc Yard\u0131mc\u0131s\u0131 Muhammed Enes \u00c7\u0131nar, K\u00fctahya, Eski\u015fehir, U\u015fak ve Afyonkarahisar\u2019da da vatanda\u015flarla manevi atmosferi payla\u015fmak i\u00e7in ikram etkinlikleri d\u00fczenledi\u011fini ifade etti. \u00c7\u0131nar, ayr\u0131ca bug\u00fcn Eski\u015fehir \u00c7ar\u015f\u0131&#8230;<\/p>\n","protected":false},"author":1,"featured_media":12545,"comment_status":"open","ping_status":"open","sticky":false,"template":"","format":"standard","meta":{"_crdt_document":"","footnotes":""},"categories":[123],"tags":[],"class_list":["post-12544","post","type-post","status-publish","format-standard","has-post-thumbnail","hentry","category-gundem"],"_links":{"self":[{"href":"https:\/\/www.egemtv.com\/index.php?rest_route=\/wp\/v2\/posts\/12544","targetHints":{"allow":["GET"]}}],"collection":[{"href":"https:\/\/www.egemtv.com\/index.php?rest_route=\/wp\/v2\/posts"}],"about":[{"href":"https:\/\/www.egemtv.com\/index.php?rest_route=\/wp\/v2\/types\/post"}],"author":[{"embeddable":true,"href":"https:\/\/www.egemtv.com\/index.php?rest_route=\/wp\/v2\/users\/1"}],"replies":[{"embeddable":true,"href":"https:\/\/www.egemtv.com\/index.php?rest_route=%2Fwp%2Fv2%2Fcomments&post=12544"}],"version-history":[{"count":1,"href":"https:\/\/www.egemtv.com\/index.php?rest_route=\/wp\/v2\/posts\/12544\/revisions"}],"predecessor-version":[{"id":12546,"href":"https:\/\/www.egemtv.com\/index.php?rest_route=\/wp\/v2\/posts\/12544\/revisions\/12546"}],"wp:featuredmedia":[{"embeddable":true,"href":"https:\/\/www.egemtv.com\/index.php?rest_route=\/wp\/v2\/media\/12545"}],"wp:attachment":[{"href":"https:\/\/www.egemtv.com\/index.php?rest_route=%2Fwp%2Fv2%2Fmedia&parent=12544"}],"wp:term":[{"taxonomy":"category","embeddable":true,"href":"https:\/\/www.egemtv.com\/index.php?rest_route=%2Fwp%2Fv2%2Fcategories&post=12544"},{"taxonomy":"post_tag","embeddable":true,"href":"https:\/\/www.egemtv.com\/index.php?rest_route=%2Fwp%2Fv2%2Ftags&post=12544"}],"curies":[{"name":"wp","href":"https:\/\/api.w.org\/{rel}","templated":true}]}}