{"id":12541,"date":"2025-01-26T14:33:53","date_gmt":"2025-01-26T11:33:53","guid":{"rendered":"https:\/\/www.egemtv.com\/?p=12541"},"modified":"2025-01-26T14:33:55","modified_gmt":"2025-01-26T11:33:55","slug":"gece-nobetci-cocuk-egitim-merkezi-hizmete-basladi","status":"publish","type":"post","link":"https:\/\/www.egemtv.com\/?p=12541","title":{"rendered":"Gece n\u00f6bet\u00e7i \u00e7ocuk e\u011fitim merkezi hizmete ba\u015flad\u0131"},"content":{"rendered":"<p>Yunusemre Belediyesi, Gece N\u00f6bet\u00e7i \u00c7ocuk Merkezi projesi hayata ge\u00e7ti. \u00d6zellikle gece mesaisinde olan ve \u00e7ocuklar\u0131n\u0131 g\u00fcvenle b\u0131rakacak bir yer arayan ailelere \u00e7\u00f6z\u00fcm sunmay\u0131 hedefleyen projede ilk misafir \u00e7ocuklar G\u00fczelyurt \u00c7ocuk K\u00fclt\u00fcr ve Sanat Merkezi\u2019nde a\u011f\u0131rland\u0131.<br \/>\n<br \/>Kentte \u00f6zellikle \u00e7al\u0131\u015fan ailelerin en b\u00fcy\u00fck sorunlar\u0131ndan biri olan gece \u00e7ocuk bak\u0131m\u0131 i\u00e7in \u00f6nemli bir ad\u0131m atan Yunusemre Belediyesi, Gece N\u00f6bet\u00e7i \u00c7ocuk Merkezi projesini hayata ge\u00e7irdi. Belediye Ba\u015fkan\u0131 Balaban\u2019\u0131n b\u00fcy\u00fck \u00f6nem verdi\u011fi projenin merkezi ise ilk etapta G\u00fczelyurt \u00c7ocuk K\u00fclt\u00fcr ve Sanat Merkezi oldu. B\u00fcy\u00fck ilgi g\u00f6ren projede toplanan taleplerin ard\u0131ndan aileler \u00e7ocuklar\u0131n\u0131 G\u00fczelyurt \u00c7ocuk K\u00fclt\u00fcr ve Sanat Merkezi\u2019ne getirmeye ba\u015flad\u0131. 05-10 ya\u015f aras\u0131nda \u00e7ocu\u011fu olan \u00e7al\u0131\u015fan ailelerin hayat\u0131n\u0131 kolayla\u015ft\u0131rmay\u0131 ama\u00e7layan \u00e7al\u0131\u015fma kapsam\u0131nda, cuma ve cumartesi g\u00fcnleri saat 19.00-23.00 saatleri aras\u0131nda ebeveynler art\u0131k \u00e7ocuklar\u0131n\u0131 g\u00fcvenle b\u0131rakabilecekleri bir merkeze kavu\u015ftu.<br \/><\/p>\n","protected":false},"excerpt":{"rendered":"<p>Yunusemre Belediyesi, Gece N\u00f6bet\u00e7i \u00c7ocuk Merkezi projesi hayata ge\u00e7ti. \u00d6zellikle gece mesaisinde olan ve \u00e7ocuklar\u0131n\u0131 g\u00fcvenle b\u0131rakacak bir yer arayan ailelere \u00e7\u00f6z\u00fcm sunmay\u0131 hedefleyen projede ilk misafir \u00e7ocuklar G\u00fczelyurt \u00c7ocuk K\u00fclt\u00fcr ve Sanat Merkezi\u2019nde a\u011f\u0131rland\u0131. Kentte \u00f6zellikle \u00e7al\u0131\u015fan ailelerin en b\u00fcy\u00fck sorunlar\u0131ndan biri olan gece \u00e7ocuk bak\u0131m\u0131 i\u00e7in \u00f6nemli bir ad\u0131m atan Yunusemre Belediyesi, Gece&#8230;<\/p>\n","protected":false},"author":1,"featured_media":12542,"comment_status":"open","ping_status":"open","sticky":false,"template":"","format":"standard","meta":{"_crdt_document":"","footnotes":""},"categories":[1],"tags":[],"class_list":["post-12541","post","type-post","status-publish","format-standard","has-post-thumbnail","hentry","category-guncel"],"_links":{"self":[{"href":"https:\/\/www.egemtv.com\/index.php?rest_route=\/wp\/v2\/posts\/12541","targetHints":{"allow":["GET"]}}],"collection":[{"href":"https:\/\/www.egemtv.com\/index.php?rest_route=\/wp\/v2\/posts"}],"about":[{"href":"https:\/\/www.egemtv.com\/index.php?rest_route=\/wp\/v2\/types\/post"}],"author":[{"embeddable":true,"href":"https:\/\/www.egemtv.com\/index.php?rest_route=\/wp\/v2\/users\/1"}],"replies":[{"embeddable":true,"href":"https:\/\/www.egemtv.com\/index.php?rest_route=%2Fwp%2Fv2%2Fcomments&post=12541"}],"version-history":[{"count":1,"href":"https:\/\/www.egemtv.com\/index.php?rest_route=\/wp\/v2\/posts\/12541\/revisions"}],"predecessor-version":[{"id":12543,"href":"https:\/\/www.egemtv.com\/index.php?rest_route=\/wp\/v2\/posts\/12541\/revisions\/12543"}],"wp:featuredmedia":[{"embeddable":true,"href":"https:\/\/www.egemtv.com\/index.php?rest_route=\/wp\/v2\/media\/12542"}],"wp:attachment":[{"href":"https:\/\/www.egemtv.com\/index.php?rest_route=%2Fwp%2Fv2%2Fmedia&parent=12541"}],"wp:term":[{"taxonomy":"category","embeddable":true,"href":"https:\/\/www.egemtv.com\/index.php?rest_route=%2Fwp%2Fv2%2Fcategories&post=12541"},{"taxonomy":"post_tag","embeddable":true,"href":"https:\/\/www.egemtv.com\/index.php?rest_route=%2Fwp%2Fv2%2Ftags&post=12541"}],"curies":[{"name":"wp","href":"https:\/\/api.w.org\/{rel}","templated":true}]}}