{"id":12538,"date":"2025-01-26T14:31:09","date_gmt":"2025-01-26T11:31:09","guid":{"rendered":"https:\/\/www.egemtv.com\/?p=12538"},"modified":"2025-01-26T14:31:11","modified_gmt":"2025-01-26T11:31:11","slug":"manisali-duayen-gazeteci-son-yolculuguna-ugurlandi","status":"publish","type":"post","link":"https:\/\/www.egemtv.com\/?p=12538","title":{"rendered":"Manisal\u0131 duayen gazeteci son yolculu\u011funa u\u011furland\u0131"},"content":{"rendered":"<p>Ya\u015fad\u0131\u011f\u0131 rahats\u0131zl\u0131k sonras\u0131 kald\u0131r\u0131ld\u0131\u011f\u0131 hastanede hayat\u0131n\u0131 kaybeden Manisal\u0131 duayen gazeteci Kenan Molla, memleketi Akhisar il\u00e7esinde ger\u00e7ekle\u015ftirilen cenaze t\u00f6reni sonras\u0131 dualarla topra\u011fa verildi.<br \/>\n<br \/>Akhisar\u2019da 45 y\u0131l\u0131 a\u015fk\u0131n s\u00fcredir Yeni As\u0131r Gazetesi\u2019nde muhabirlik yapan ve Akhisar Haber Ajans\u0131\u2019n\u0131n internet gazetecili\u011fi faaliyetlerini y\u00fcr\u00fcten Kenan Molla, hayata g\u00f6zlerini yumdu. Ge\u00e7ti\u011fimiz g\u00fcnlerde rahats\u0131zlanarak Manisa \u015eehir Hastanesi\u2019nin yo\u011fun bak\u0131m \u00fcnitesine kald\u0131r\u0131lan Molla, doktorlar\u0131n t\u00fcm m\u00fcdahalelerine ra\u011fmen hayata tutunamad\u0131. Molla\u2019n\u0131n cenazesi t\u00f6renin yap\u0131laca\u011f\u0131 Manisa\u2019n\u0131n Akhisar il\u00e7esine getirildi. Akhisar Yeni G\u00fclruh Camii\u2019nde d\u00fczenlenen cenaze t\u00f6reninin ard\u0131ndan usta gazeteci Kenan Molla dualarla topra\u011fa verildi.<br \/>\n<br \/>Evli ve iki k\u0131z \u00e7ocu\u011fu babas\u0131 olan Kenan Molla\u2019n\u0131n cenaze t\u00f6renine CHP Manisa Milletvekili Ahmet Vehbi Bak\u0131rl\u0131o\u011flu, AK Parti Manisa \u0130l Ba\u015fkan\u0131 Salih H\u0131zl\u0131, Manisa \u0130l Sa\u011fl\u0131k M\u00fcd\u00fcr\u00fc Erol Karaca, Manisa Gazeteciler Cemiyeti Ba\u015fkan\u0131 \u00d6nder Ayd\u0131n, Manisa Gazeteciler Cemiyeti y\u00f6netimi ve \u00fcyeleri ile \u00e7ok say\u0131da vatanda\u015f ve protokol \u00fcyesi kat\u0131ld\u0131.<br \/><\/p>\n","protected":false},"excerpt":{"rendered":"<p>Ya\u015fad\u0131\u011f\u0131 rahats\u0131zl\u0131k sonras\u0131 kald\u0131r\u0131ld\u0131\u011f\u0131 hastanede hayat\u0131n\u0131 kaybeden Manisal\u0131 duayen gazeteci Kenan Molla, memleketi Akhisar il\u00e7esinde ger\u00e7ekle\u015ftirilen cenaze t\u00f6reni sonras\u0131 dualarla topra\u011fa verildi. Akhisar\u2019da 45 y\u0131l\u0131 a\u015fk\u0131n s\u00fcredir Yeni As\u0131r Gazetesi\u2019nde muhabirlik yapan ve Akhisar Haber Ajans\u0131\u2019n\u0131n internet gazetecili\u011fi faaliyetlerini y\u00fcr\u00fcten Kenan Molla, hayata g\u00f6zlerini yumdu. Ge\u00e7ti\u011fimiz g\u00fcnlerde rahats\u0131zlanarak Manisa \u015eehir Hastanesi\u2019nin yo\u011fun bak\u0131m \u00fcnitesine kald\u0131r\u0131lan&#8230;<\/p>\n","protected":false},"author":1,"featured_media":12539,"comment_status":"open","ping_status":"open","sticky":false,"template":"","format":"standard","meta":{"_crdt_document":"","footnotes":""},"categories":[5],"tags":[],"class_list":["post-12538","post","type-post","status-publish","format-standard","has-post-thumbnail","hentry","category-asayis"],"_links":{"self":[{"href":"https:\/\/www.egemtv.com\/index.php?rest_route=\/wp\/v2\/posts\/12538","targetHints":{"allow":["GET"]}}],"collection":[{"href":"https:\/\/www.egemtv.com\/index.php?rest_route=\/wp\/v2\/posts"}],"about":[{"href":"https:\/\/www.egemtv.com\/index.php?rest_route=\/wp\/v2\/types\/post"}],"author":[{"embeddable":true,"href":"https:\/\/www.egemtv.com\/index.php?rest_route=\/wp\/v2\/users\/1"}],"replies":[{"embeddable":true,"href":"https:\/\/www.egemtv.com\/index.php?rest_route=%2Fwp%2Fv2%2Fcomments&post=12538"}],"version-history":[{"count":1,"href":"https:\/\/www.egemtv.com\/index.php?rest_route=\/wp\/v2\/posts\/12538\/revisions"}],"predecessor-version":[{"id":12540,"href":"https:\/\/www.egemtv.com\/index.php?rest_route=\/wp\/v2\/posts\/12538\/revisions\/12540"}],"wp:featuredmedia":[{"embeddable":true,"href":"https:\/\/www.egemtv.com\/index.php?rest_route=\/wp\/v2\/media\/12539"}],"wp:attachment":[{"href":"https:\/\/www.egemtv.com\/index.php?rest_route=%2Fwp%2Fv2%2Fmedia&parent=12538"}],"wp:term":[{"taxonomy":"category","embeddable":true,"href":"https:\/\/www.egemtv.com\/index.php?rest_route=%2Fwp%2Fv2%2Fcategories&post=12538"},{"taxonomy":"post_tag","embeddable":true,"href":"https:\/\/www.egemtv.com\/index.php?rest_route=%2Fwp%2Fv2%2Ftags&post=12538"}],"curies":[{"name":"wp","href":"https:\/\/api.w.org\/{rel}","templated":true}]}}