{"id":12535,"date":"2025-01-26T14:21:59","date_gmt":"2025-01-26T11:21:59","guid":{"rendered":"https:\/\/www.egemtv.com\/?p=12535"},"modified":"2025-01-26T14:22:01","modified_gmt":"2025-01-26T11:22:01","slug":"ugur-mumcunun-ismi-manisa-sehir-tiyatrosunda-yasayacak","status":"publish","type":"post","link":"https:\/\/www.egemtv.com\/?p=12535","title":{"rendered":"U\u011fur Mumcu\u2019nun ismi Manisa \u015eehir Tiyatrosu\u2019nda ya\u015fayacak"},"content":{"rendered":"<p>U\u011frad\u0131\u011f\u0131 suikast sonras\u0131 katledilen gazeteci, yazar U\u011fur Mumcu, \u00f6l\u00fcm\u00fcn\u00fcn 32. y\u0131l d\u00f6n\u00fcm\u00fcnde, Manisa B\u00fcy\u00fck\u015fehir Belediyesi, Yunusemre ve \u015eehzadeler belediyeleri ile Atat\u00fcrk\u00e7\u00fc D\u00fc\u015f\u00fcnce Derne\u011fi Manisa \u015eubesi i\u015f birli\u011fiyle d\u00fczenlenen programla an\u0131ld\u0131. Program, U\u011fur Mumcu\u2019nun ismi verilen Manisa B\u00fcy\u00fck\u015fehir Belediyesi \u015eehir Tiyatrosu Sahnesi\u2019nde ger\u00e7ekle\u015ftirildi.<br \/>\n<br \/>Yaln\u0131zca gazetecili\u011fiyle de\u011fil, ayn\u0131 zamanda demokrasi, \u00f6zg\u00fcr d\u00fc\u015f\u00fcnce ve hukuk devleti u\u011fruna verdi\u011fi m\u00fccadeleyle T\u00fcrkiye\u2019nin ayd\u0131nl\u0131k gelece\u011fi i\u00e7in simge isimlerden olan U\u011fur Mumcu, suikast sonras\u0131 \u00f6ld\u00fcr\u00fclmesinin 32\u2019nci y\u0131l\u0131nda Manisa\u2019da an\u0131ld\u0131. Ger\u00e7ekle\u015ftirilen programla Mumcu\u2019nun ayd\u0131nl\u0131k m\u00fccadelesi bir kez daha hat\u0131rland\u0131. Programa; CHP Eski Genel Ba\u015fkan\u0131 Altan \u00d6ymen, CHP Manisa Milletvekili Ahmet Vehbi Bak\u0131rl\u0131o\u011flu, Manisa B\u00fcy\u00fck\u015fehir Belediye Ba\u015fkan\u0131 Mimar Ferdi Zeyrek, CHP \u0130l Ba\u015fkan\u0131 \u0130lksen \u00d6zalper, Yunusemre Belediye Ba\u015fkan\u0131 Semih Balaban, Atat\u00fcrk\u00e7\u00fc D\u00fc\u015f\u00fcnce Derne\u011fi Manisa \u015eubesi Ba\u015fkan\u0131 Hamza Kopal, siyasi parti temsilcileri ile yurtta\u015flar kat\u0131ld\u0131. Anma program\u0131 \u00f6ncesinde protokol \u00fcyeleri, U\u011fur Mumcu\u2019nun isim tabelas\u0131n\u0131n ve G\u00fcrsel G\u00f6k\u00e7e\u2019nin haz\u0131rlad\u0131\u011f\u0131 \u2018S\u00f6nmeyen I\u015f\u0131k: U\u011fur Mumcu\u2019 isimli foto\u011fraf sergisinin a\u00e7\u0131l\u0131\u015f\u0131n\u0131 yapt\u0131. Program, U\u011fur Mumcu Sahnesi\u2019nde yap\u0131lan belgesel g\u00f6sterimi ve s\u00f6yle\u015filerle devam etti.<\/p>\n<p>\u201cKaranl\u0131klar\u0131n \u00fczerine cesaretle giden bir fikir neferiydi\u201d<br \/>\n<br \/>Program\u0131n a\u00e7\u0131l\u0131\u015f konu\u015fmas\u0131n\u0131 yapan Manisa B\u00fcy\u00fck\u015fehir Belediye Ba\u015fkan\u0131 Ferdi Zeyrek, b\u00fcy\u00fck bedellerle, benzeri g\u00f6r\u00fclmemi\u015f m\u00fccadeleyle, halk\u0131n azim ve kararl\u0131l\u0131\u011f\u0131yla kazan\u0131lan bu \u00fclkeyi koruyup kollamak i\u00e7in can\u0131 pahas\u0131na g\u00f6z\u00fcn\u00fc k\u0131rpmadan \u00f6l\u00fcme gidenler oldu\u011funu hat\u0131rlatarak \u201cBug\u00fcn o kahramanlar\u0131n ba\u015f\u0131nda gelen, demokrasi, adalet ve \u00f6zg\u00fcrl\u00fck m\u00fccadelesi veren, kalemiyle karanl\u0131\u011fa \u0131\u015f\u0131k tutan U\u011fur Mumcu\u2019yu anmak i\u00e7in bir araday\u0131z. 32 y\u0131l \u00f6nce bu topraklar\u0131n yeti\u015ftirdi\u011fi en cesur gazetecilerden birini maalesef kaybettik. U\u011fur Mumcu\u2019yu sayg\u0131, \u00f6zlem ve minnetle an\u0131yorum. 32 y\u0131l \u00f6nce ger\u00e7ekle\u015fen hain sald\u0131r\u0131yla yaln\u0131zca U\u011fur Mumcu\u2019yu de\u011fil, ayn\u0131 zamanda hakikatin pe\u015finden ko\u015fan, bunlar\u0131 ilke edinmi\u015f, d\u00fc\u015f\u00fcncesiyle ve ba\u011f\u0131ms\u0131z T\u00fcrkiye hedefiyle yola \u00e7\u0131km\u0131\u015f bir neferimizi kaybettik. Mumcu, aradan ge\u00e7en karanl\u0131k y\u0131llara ra\u011fmen eserleriyle, fikirleriyle ve m\u00fccadele azmiyle bizleri ayd\u0131nlatmaya devam ediyor. U\u011fur Mumcu\u2019yu ve onunla birlikte bu topraklarda ba\u011f\u0131ms\u0131zl\u0131k, \u00f6zg\u00fcrl\u00fck ve adalet i\u00e7in m\u00fccadele eden t\u00fcm demokrasi \u015fehitlerimizi bir kez daha rahmetle an\u0131yorum. Onlar\u0131 unutmad\u0131k, unutmayaca\u011f\u0131z\u201d ifadelerini kulland\u0131.<\/p>\n<p>\u201c\u015eehir Tiyatrosu U\u011fur Mumcu Sahnesi olarak ismini de\u011fi\u015ftirdik\u201d<br \/>\n<br \/>Laik ve demokratik Cumhuriyeti, bas\u0131n \u00f6zg\u00fcrl\u00fc\u011f\u00fcn\u00fc savunman\u0131n, yaln\u0131zca bir siyasi duru\u015f de\u011fil, ayn\u0131 zamanda bu \u00fclkenin ayd\u0131nl\u0131k gelece\u011fi i\u00e7in bir zorunluluk oldu\u011funu dile getiren Ba\u015fkan Zeyrek, bu m\u00fccadelenin en \u00f6nemli temsilcilerinden birinin U\u011fur Mumcu oldu\u011funu hat\u0131rlatt\u0131. Zeyrek, Manisa B\u00fcy\u00fck\u015fehir Belediye Meclisi\u2019nde Ocak ay\u0131nda ald\u0131klar\u0131 karara dikkat \u00e7ekerek, \u201cSahnemizin ismini Cumhuriyet Halk Partisi\u2019nin \u00f6nergesi ile  \u2018\u015eehir Tiyatrosu U\u011fur Mumcu Sahnesi\u2019 olarak de\u011fi\u015ftirdik. Bunun mutlulu\u011funu ya\u015f\u0131yorum. U\u011fur Mumcu\u2019nun bu g\u00fczel \u015fehirde an\u0131lmas\u0131, buna vesile olmak, bizlere ve Cumhuriyet Halk Partisi\u2019ne nasip oldu\u201d diye konu\u015ftu.<br \/>\n<br \/>Ba\u015fkan Zeyrek ayr\u0131ca 24 Ocak\u2019ta aram\u0131zdan ayr\u0131lan T\u00fcrk siyasetinin \u00f6nemli isimlerinden \u0130smail Cem\u2019i ve halk\u0131n g\u00f6nl\u00fcnde taht kurmu\u015f Gaffar Okkan\u2019\u0131 da sayg\u0131yla and\u0131\u011f\u0131n\u0131 belirtti. A\u00e7\u0131l\u0131\u015f konu\u015fmas\u0131n\u0131n ard\u0131ndan anma program\u0131 \u2018Kur\u015funun K\u0131rd\u0131\u011f\u0131 Kalemler\u2019 isimli video g\u00f6sterimi ve U\u011fur Mumcu\u2019nun \u00f6zg\u00fcrl\u00fck, adalet ve ayd\u0131nlanma m\u00fccadelesini simgeleyen foto\u011fraf\u0131n\u0131n sahneye ta\u015f\u0131nmas\u0131 ile devam etti. Kat\u0131l\u0131mc\u0131lar, Mumcu\u2019nun an\u0131s\u0131n\u0131 onurland\u0131rmak i\u00e7in sahneye karanfil b\u0131rakt\u0131.<br \/>\n<br \/>Programda Nebil \u00d6zgent\u00fcrk\u2019\u00fcn U\u011fur Mumcu Belgeseli de g\u00f6sterildi. G\u00f6sterimin ard\u0131ndan Nebil \u00d6zgent\u00fcrk, U\u011fur Mumcu ile ilgili anekdotlar aktard\u0131. \u00d6zgent\u00fcrk, U\u011fur Mumcu\u2019yu ilk kez Manisa\u2019da tan\u0131d\u0131\u011f\u0131n\u0131 s\u00f6yleyerek, \u201c1987 y\u0131l\u0131nda SODEP Genel Ba\u015fkan\u0131 Erdal Bey\u2019i izliyorduk. \u00c7anakkale\u2019den \u00e7\u0131km\u0131\u015f\u0131z, Manisa\u2019da konaklay\u0131p Fethiye\u2019ye gidece\u011fiz. Yukar\u0131 \u00e7\u0131kt\u0131k, nas\u0131l ne\u015feli, nas\u0131l g\u00fczel bir y\u00fcrek. Burada tan\u0131d\u0131m ve onun dayan\u0131\u015fmac\u0131 ruhunu, y\u00fcrek zenginli\u011fini g\u00f6rd\u00fcm. Biz bug\u00fcn U\u011fur Mumcu i\u00e7in topland\u0131ysak, T\u00fcrkiye\u2019nin d\u00f6rt bir yan\u0131nda pek \u00e7ok U\u011fur Mumcu anmas\u0131 yap\u0131l\u0131yorsa, bir insan\u0131n onuru ancak b\u00f6yle anla\u015f\u0131labilir\u201d ifadelerini kulland\u0131.<br \/>\n<br \/>Okan Toygar\u2019\u0131n y\u00f6netti\u011fi U\u011fur Mumcu\u2019lu G\u00fcnler isimli s\u00f6yle\u015fide, Cumhuriyet Halk Partisi \u00f6nceki genel ba\u015fkanlar\u0131ndan gazeteci yazar Altan \u00d6ymen, duayen gazeteciye dair konu\u015ftu. \u00d6ymen, sahneye U\u011fur Mumcu\u2019nun ad\u0131n\u0131n verilmesinden duydu\u011fu memnuniyeti belirterek, \u201cSalonlara ad\u0131n\u0131n konulmas\u0131yla U\u011fur Mumcu bug\u00fcn T\u00fcrkiye\u2019nin en fazla tan\u0131nan, \u015f\u00fckran duyulan insanlar\u0131ndan olarak an\u0131lmaya devam ediyor\u201d diye konu\u015ftu.<br \/>\n<br \/>Eren Aysan\u2019\u0131n y\u00f6netimindeki Ayd\u0131nlanma Devrimi ve U\u011fur Mumcu ba\u015fl\u0131kl\u0131 s\u00f6yle\u015fide konu\u015fan gazeteci yazar Zeynep Oral, U\u011fur Mumcu\u2019nun toplumu uyard\u0131\u011f\u0131 i\u00e7in herkesten \u00f6nce \u00f6ld\u00fcr\u00fcld\u00fc\u011f\u00fcn\u00fc s\u00f6yledi.<br \/>\n<br \/>Daha \u00f6nceki y\u0131llarda Akhisar\u2019da U\u011fur Mumcu\u2019yu and\u0131klar\u0131n\u0131 s\u00f6yleyen gazeteci yazar Miyase \u0130lknur ise \u201cManisa\u2019y\u0131 al\u0131r\u0131z, orada da yapar\u0131z demi\u015flerdi. Hayaldi, ger\u00e7ek oldu\u201d dedi.<br \/><\/p>\n","protected":false},"excerpt":{"rendered":"<p>U\u011frad\u0131\u011f\u0131 suikast sonras\u0131 katledilen gazeteci, yazar U\u011fur Mumcu, \u00f6l\u00fcm\u00fcn\u00fcn 32. y\u0131l d\u00f6n\u00fcm\u00fcnde, Manisa B\u00fcy\u00fck\u015fehir Belediyesi, Yunusemre ve \u015eehzadeler belediyeleri ile Atat\u00fcrk\u00e7\u00fc D\u00fc\u015f\u00fcnce Derne\u011fi Manisa \u015eubesi i\u015f birli\u011fiyle d\u00fczenlenen programla an\u0131ld\u0131. Program, U\u011fur Mumcu\u2019nun ismi verilen Manisa B\u00fcy\u00fck\u015fehir Belediyesi \u015eehir Tiyatrosu Sahnesi\u2019nde ger\u00e7ekle\u015ftirildi. Yaln\u0131zca gazetecili\u011fiyle de\u011fil, ayn\u0131 zamanda demokrasi, \u00f6zg\u00fcr d\u00fc\u015f\u00fcnce ve hukuk devleti u\u011fruna verdi\u011fi&#8230;<\/p>\n","protected":false},"author":1,"featured_media":12536,"comment_status":"open","ping_status":"open","sticky":false,"template":"","format":"standard","meta":{"_crdt_document":"","footnotes":""},"categories":[1],"tags":[],"class_list":["post-12535","post","type-post","status-publish","format-standard","has-post-thumbnail","hentry","category-guncel"],"_links":{"self":[{"href":"https:\/\/www.egemtv.com\/index.php?rest_route=\/wp\/v2\/posts\/12535","targetHints":{"allow":["GET"]}}],"collection":[{"href":"https:\/\/www.egemtv.com\/index.php?rest_route=\/wp\/v2\/posts"}],"about":[{"href":"https:\/\/www.egemtv.com\/index.php?rest_route=\/wp\/v2\/types\/post"}],"author":[{"embeddable":true,"href":"https:\/\/www.egemtv.com\/index.php?rest_route=\/wp\/v2\/users\/1"}],"replies":[{"embeddable":true,"href":"https:\/\/www.egemtv.com\/index.php?rest_route=%2Fwp%2Fv2%2Fcomments&post=12535"}],"version-history":[{"count":1,"href":"https:\/\/www.egemtv.com\/index.php?rest_route=\/wp\/v2\/posts\/12535\/revisions"}],"predecessor-version":[{"id":12537,"href":"https:\/\/www.egemtv.com\/index.php?rest_route=\/wp\/v2\/posts\/12535\/revisions\/12537"}],"wp:featuredmedia":[{"embeddable":true,"href":"https:\/\/www.egemtv.com\/index.php?rest_route=\/wp\/v2\/media\/12536"}],"wp:attachment":[{"href":"https:\/\/www.egemtv.com\/index.php?rest_route=%2Fwp%2Fv2%2Fmedia&parent=12535"}],"wp:term":[{"taxonomy":"category","embeddable":true,"href":"https:\/\/www.egemtv.com\/index.php?rest_route=%2Fwp%2Fv2%2Fcategories&post=12535"},{"taxonomy":"post_tag","embeddable":true,"href":"https:\/\/www.egemtv.com\/index.php?rest_route=%2Fwp%2Fv2%2Ftags&post=12535"}],"curies":[{"name":"wp","href":"https:\/\/api.w.org\/{rel}","templated":true}]}}