{"id":12532,"date":"2025-01-26T13:36:58","date_gmt":"2025-01-26T10:36:58","guid":{"rendered":"https:\/\/www.egemtv.com\/?p=12532"},"modified":"2025-01-26T13:37:00","modified_gmt":"2025-01-26T10:37:00","slug":"dugundeki-alacak-verecek-meselesinde-kan-akti","status":"publish","type":"post","link":"https:\/\/www.egemtv.com\/?p=12532","title":{"rendered":"D\u00fc\u011f\u00fcndeki alacak verecek meselesinde kan akt\u0131"},"content":{"rendered":"<p>Ayd\u0131n\u2019\u0131n Efeler il\u00e7esinde d\u00fc\u011f\u00fcnde alacak verecek meselesinden \u00e7\u0131kan kavgada 1 ki\u015fiyi b\u0131\u00e7aklayan 2 \u015f\u00fcpheli, jandarma ekiplerince k\u0131sa s\u00fcrede yakaland\u0131.<br \/>\n<br \/>Olay, Efeler il\u00e7esi Kuyucular Mahallesi\u2019nde meydana geldi. Edinilen bilgiye g\u00f6re mahalledeki bir d\u00fc\u011f\u00fcne kat\u0131lan K.\u00d6. (22) ile M.S.G. (20) ve M.Y. (20) aras\u0131nda alacak verecek meselesi y\u00fcz\u00fcnden kavga \u00e7\u0131kt\u0131. K\u0131sa s\u00fcrede b\u00fcy\u00fcyen kavgada M.S.G ve M.Y. tart\u0131\u015ft\u0131\u011f\u0131 K.\u00d6.\u2019y\u00fc baca\u011f\u0131ndan ve g\u00f6\u011fs\u00fcnden b\u0131\u00e7aklad\u0131. 2 \u015f\u00fcpheli olay yerinden ka\u00e7arken, olay\u0131 g\u00f6renler durumu 112 Acil \u00c7a\u011fr\u0131 Merkezi\u2019ne bildirdi. ihbar \u00fczerine b\u00f6lgeye jandarma ve sa\u011fl\u0131k ekipleri sevk edildi. Kanlar i\u00e7inde yere y\u0131\u011f\u0131lan K.\u00d6., ilk m\u00fcdahalenin ard\u0131ndan hastaneye kald\u0131r\u0131ld\u0131. A\u011f\u0131r yaral\u0131 olarak hastaneye kald\u0131r\u0131lan K.\u00d6.\u2019n\u00fcn hayati tehlikesinin devam etti\u011fi \u00f6\u011frenildi.<br \/>\n<br \/>Jandarmadan ka\u00e7amad\u0131lar<br \/>\n<br \/>Olay yerinden ka\u00e7an 2 \u015f\u00fcphelinin bulunmas\u0131 i\u00e7in jandarma ekipleri \u00e7al\u0131\u015fma ba\u015flatt\u0131. Efeler \u0130l\u00e7e Jandarma Komutanl\u0131\u011f\u0131 JASAT ve K\u00f6\u015fk \u0130l\u00e7e Jandarma Komutanl\u0131\u011f\u0131\u2019n\u0131n ortak \u00e7al\u0131\u015fmalar\u0131 sonucunda M.S.G. ve M.Y. isimli 2 \u015f\u00fcpheli sakland\u0131klar\u0131 yerde k\u0131sa s\u00fcrede yakalad\u0131. G\u00f6zalt\u0131na al\u0131nan \u015f\u00fcpheliler gerekli i\u015flemlerinin ard\u0131ndan adliyeye sevk edildi. Olayla ilgili ba\u015flat\u0131lan adli s\u00fcre\u00e7 devam ediyor.<br \/><\/p>\n","protected":false},"excerpt":{"rendered":"<p>Ayd\u0131n\u2019\u0131n Efeler il\u00e7esinde d\u00fc\u011f\u00fcnde alacak verecek meselesinden \u00e7\u0131kan kavgada 1 ki\u015fiyi b\u0131\u00e7aklayan 2 \u015f\u00fcpheli, jandarma ekiplerince k\u0131sa s\u00fcrede yakaland\u0131. Olay, Efeler il\u00e7esi Kuyucular Mahallesi\u2019nde meydana geldi. Edinilen bilgiye g\u00f6re mahalledeki bir d\u00fc\u011f\u00fcne kat\u0131lan K.\u00d6. (22) ile M.S.G. (20) ve M.Y. (20) aras\u0131nda alacak verecek meselesi y\u00fcz\u00fcnden kavga \u00e7\u0131kt\u0131. K\u0131sa s\u00fcrede b\u00fcy\u00fcyen kavgada M.S.G ve M.Y&#8230;.<\/p>\n","protected":false},"author":1,"featured_media":12533,"comment_status":"open","ping_status":"open","sticky":false,"template":"","format":"standard","meta":{"_crdt_document":"","footnotes":""},"categories":[5],"tags":[],"class_list":["post-12532","post","type-post","status-publish","format-standard","has-post-thumbnail","hentry","category-asayis"],"_links":{"self":[{"href":"https:\/\/www.egemtv.com\/index.php?rest_route=\/wp\/v2\/posts\/12532","targetHints":{"allow":["GET"]}}],"collection":[{"href":"https:\/\/www.egemtv.com\/index.php?rest_route=\/wp\/v2\/posts"}],"about":[{"href":"https:\/\/www.egemtv.com\/index.php?rest_route=\/wp\/v2\/types\/post"}],"author":[{"embeddable":true,"href":"https:\/\/www.egemtv.com\/index.php?rest_route=\/wp\/v2\/users\/1"}],"replies":[{"embeddable":true,"href":"https:\/\/www.egemtv.com\/index.php?rest_route=%2Fwp%2Fv2%2Fcomments&post=12532"}],"version-history":[{"count":1,"href":"https:\/\/www.egemtv.com\/index.php?rest_route=\/wp\/v2\/posts\/12532\/revisions"}],"predecessor-version":[{"id":12534,"href":"https:\/\/www.egemtv.com\/index.php?rest_route=\/wp\/v2\/posts\/12532\/revisions\/12534"}],"wp:featuredmedia":[{"embeddable":true,"href":"https:\/\/www.egemtv.com\/index.php?rest_route=\/wp\/v2\/media\/12533"}],"wp:attachment":[{"href":"https:\/\/www.egemtv.com\/index.php?rest_route=%2Fwp%2Fv2%2Fmedia&parent=12532"}],"wp:term":[{"taxonomy":"category","embeddable":true,"href":"https:\/\/www.egemtv.com\/index.php?rest_route=%2Fwp%2Fv2%2Fcategories&post=12532"},{"taxonomy":"post_tag","embeddable":true,"href":"https:\/\/www.egemtv.com\/index.php?rest_route=%2Fwp%2Fv2%2Ftags&post=12532"}],"curies":[{"name":"wp","href":"https:\/\/api.w.org\/{rel}","templated":true}]}}