{"id":12523,"date":"2025-01-26T13:07:33","date_gmt":"2025-01-26T10:07:33","guid":{"rendered":"https:\/\/www.egemtv.com\/?p=12523"},"modified":"2025-01-26T13:07:35","modified_gmt":"2025-01-26T10:07:35","slug":"uyusturucu-taciri-jandarmadan-kacamadi","status":"publish","type":"post","link":"https:\/\/www.egemtv.com\/?p=12523","title":{"rendered":"Uyu\u015fturucu taciri jandarmadan ka\u00e7amad\u0131"},"content":{"rendered":"<p>Ayd\u0131n\u2019\u0131n Nazilli il\u00e7esinde uyu\u015fturucu su\u00e7undan aranan 1 ki\u015fi jandarma ekiplerince k\u0131sk\u0131vrak yakaland\u0131.<br \/>\n<br \/>Nazilli \u0130l\u00e7e Jandarma Komutanl\u0131\u011f\u0131 JASAT ekiplerince aranan \u015fah\u0131slara y\u00f6nelik \u00e7al\u0131\u015fma ger\u00e7ekle\u015ftirildi. Edinilen bilgiye g\u00f6re ekipler, \u201cUyu\u015fturucu veya Uyar\u0131c\u0131 Madde Ticareti Yapma veya Sa\u011flama\u201d su\u00e7undan aranan ve hakk\u0131nda 8 y\u0131l 4 ay kesinle\u015fmi\u015f hapis cezas\u0131 bulunan S.E. isimli \u015fahs\u0131 Nazilli il\u00e7esi Sevindikli Mahallesi\u2019nde yakalad\u0131. G\u00f6zalt\u0131na al\u0131nan \u015f\u00fcpheli \u015fah\u0131s, gerekli i\u015flemlerinin ard\u0131ndan sevk edildi\u011fi adli makamlarca tutuklanarak cezaevine g\u00f6nderildi.<br \/><\/p>\n","protected":false},"excerpt":{"rendered":"<p>Ayd\u0131n\u2019\u0131n Nazilli il\u00e7esinde uyu\u015fturucu su\u00e7undan aranan 1 ki\u015fi jandarma ekiplerince k\u0131sk\u0131vrak yakaland\u0131. Nazilli \u0130l\u00e7e Jandarma Komutanl\u0131\u011f\u0131 JASAT ekiplerince aranan \u015fah\u0131slara y\u00f6nelik \u00e7al\u0131\u015fma ger\u00e7ekle\u015ftirildi. Edinilen bilgiye g\u00f6re ekipler, \u201cUyu\u015fturucu veya Uyar\u0131c\u0131 Madde Ticareti Yapma veya Sa\u011flama\u201d su\u00e7undan aranan ve hakk\u0131nda 8 y\u0131l 4 ay kesinle\u015fmi\u015f hapis cezas\u0131 bulunan S.E. isimli \u015fahs\u0131 Nazilli il\u00e7esi Sevindikli Mahallesi\u2019nde yakalad\u0131&#8230;.<\/p>\n","protected":false},"author":1,"featured_media":12524,"comment_status":"open","ping_status":"open","sticky":false,"template":"","format":"standard","meta":{"_crdt_document":"","footnotes":""},"categories":[5],"tags":[],"class_list":["post-12523","post","type-post","status-publish","format-standard","has-post-thumbnail","hentry","category-asayis"],"_links":{"self":[{"href":"https:\/\/www.egemtv.com\/index.php?rest_route=\/wp\/v2\/posts\/12523","targetHints":{"allow":["GET"]}}],"collection":[{"href":"https:\/\/www.egemtv.com\/index.php?rest_route=\/wp\/v2\/posts"}],"about":[{"href":"https:\/\/www.egemtv.com\/index.php?rest_route=\/wp\/v2\/types\/post"}],"author":[{"embeddable":true,"href":"https:\/\/www.egemtv.com\/index.php?rest_route=\/wp\/v2\/users\/1"}],"replies":[{"embeddable":true,"href":"https:\/\/www.egemtv.com\/index.php?rest_route=%2Fwp%2Fv2%2Fcomments&post=12523"}],"version-history":[{"count":1,"href":"https:\/\/www.egemtv.com\/index.php?rest_route=\/wp\/v2\/posts\/12523\/revisions"}],"predecessor-version":[{"id":12525,"href":"https:\/\/www.egemtv.com\/index.php?rest_route=\/wp\/v2\/posts\/12523\/revisions\/12525"}],"wp:featuredmedia":[{"embeddable":true,"href":"https:\/\/www.egemtv.com\/index.php?rest_route=\/wp\/v2\/media\/12524"}],"wp:attachment":[{"href":"https:\/\/www.egemtv.com\/index.php?rest_route=%2Fwp%2Fv2%2Fmedia&parent=12523"}],"wp:term":[{"taxonomy":"category","embeddable":true,"href":"https:\/\/www.egemtv.com\/index.php?rest_route=%2Fwp%2Fv2%2Fcategories&post=12523"},{"taxonomy":"post_tag","embeddable":true,"href":"https:\/\/www.egemtv.com\/index.php?rest_route=%2Fwp%2Fv2%2Ftags&post=12523"}],"curies":[{"name":"wp","href":"https:\/\/api.w.org\/{rel}","templated":true}]}}