{"id":12520,"date":"2025-01-26T12:55:02","date_gmt":"2025-01-26T09:55:02","guid":{"rendered":"https:\/\/www.egemtv.com\/?p=12520"},"modified":"2025-01-26T12:55:05","modified_gmt":"2025-01-26T09:55:05","slug":"buyuksehir-deskiden-dayanisma-ornegi-askida-fatura","status":"publish","type":"post","link":"https:\/\/www.egemtv.com\/?p=12520","title":{"rendered":"B\u00fcy\u00fck\u015fehir DESK\u0130\u2019den dayan\u0131\u015fma \u00f6rne\u011fi: \u2018Ask\u0131da Fatura\u2019"},"content":{"rendered":"<p>Denizli Su ve Kanalizasyon \u0130daresi (DESK\u0130), ekonomik zorluk \u00e7eken vatanda\u015flar ile hay\u0131rseverleri bulu\u015fturacak yeni bir uygulamay\u0131 hayata ge\u00e7irdi. \u201cAsk\u0131da Fatura\u201d kampanyas\u0131, \u00f6deme g\u00fc\u00e7l\u00fc\u011f\u00fc ya\u015fayan vatanda\u015flar\u0131n su faturalar\u0131n\u0131n hay\u0131rseverler taraf\u0131ndan kar\u015f\u0131lanmas\u0131na imkan sa\u011flayacak.<br \/>\n<br \/>Denizli B\u00fcy\u00fck\u015fehir Belediye Ba\u015fkan\u0131 B\u00fclent Nuri \u00c7avu\u015fo\u011flu\u2019nun talimat\u0131 do\u011frultusunda ba\u015flat\u0131lan \u201cAsk\u0131da Fatura\u201d uygulamas\u0131, sosyal yard\u0131m alan ihtiya\u00e7 sahibi vatanda\u015flar ile yard\u0131mseverleri bir araya getiriyor. \u201cBen de\u011fil, biz demenin zaman\u0131. Mutlu insanlar\u0131n ya\u015fad\u0131\u011f\u0131 bir Denizli i\u00e7in sen de ihtiya\u00e7 sahibine destek ol\u201d slogan\u0131yla duyurulan kampanya, \u015feffafl\u0131k ve gizlilik ilkesiyle dikkat \u00e7ekiyor. Kampanya kapsam\u0131nda yard\u0131m\u0131 yapan ve alan ki\u015fi birbirini bilmeyecek, b\u00f6ylece toplumsal dayan\u0131\u015fman\u0131n en hassas \u015fekilde sa\u011flanaca\u011f\u0131 ifade edildi.<br \/>\n<br \/>Ask\u0131ya fatura b\u0131rakmak isteyen ihtiya\u00e7 sahibi vatanda\u015flar\u0131n, Denizli B\u00fcy\u00fck\u015fehir Belediyesi\u2019nden sosyal yard\u0131m al\u0131yor olmalar\u0131 gerekti\u011fi belirtilirken ba\u015fvurular\u0131n www.deski.gov.tr adresi \u00fczerinden yap\u0131laca\u011f\u0131, inceleme ve de\u011ferlendirme sonras\u0131nda hay\u0131rsever vatanda\u015flar\u0131n yard\u0131m yapmalar\u0131na imkan sunulacak.<br \/>\n<br \/>Vatanda\u015flar\u0131n, yapt\u0131klar\u0131 ba\u015fvuru durumunu \u00f6\u011frenmek i\u00e7in T.C. Kimlik numaras\u0131 ve abone numaras\u0131n\u0131 girerek sorgulama yapabilecek.<br \/>\n<br \/>Hay\u0131rseverler \u00f6demeyi nas\u0131l yapacak?<br \/>\n<br \/>Ask\u0131daki faturay\u0131 \u00f6demek isteyen vatanda\u015flar, www.deski.gov.tr adresine girerek &#8220;Ask\u0131daki Faturay\u0131 \u00d6de&#8221; sekmesine ula\u015fabilirler. Burada, \u00f6demek istedikleri tutar aral\u0131\u011f\u0131n\u0131 se\u00e7ebilir veya listede yer alan belirli tutardaki faturalardan birini se\u00e7erek &#8220;Ask\u0131dan Al&#8221; butonuna t\u0131klayarak \u00f6deme i\u015flemini kolayl\u0131kla ger\u00e7ekle\u015ftirebilirler. Uygulama, &#8220;Alan el, veren eli g\u00f6rmeyecek&#8221; prensibiyle \u00e7al\u0131\u015fmaktad\u0131r. Yani, ask\u0131daki faturay\u0131 \u00f6deyen duyarl\u0131 destek\u00e7iler, hangi ihtiya\u00e7 sahibinin faturas\u0131n\u0131 \u00f6dedi\u011fini bilmeyecek; ayn\u0131 \u015fekilde, ask\u0131ya fatura b\u0131rakan ihtiya\u00e7 sahibi vatanda\u015flar da hangi hay\u0131rseverin yard\u0131m etti\u011fini \u00f6\u011frenemeyecek.<br \/>\n<br \/>\u201cBen de\u011fil, biz demenin zaman\u0131\u201d<br \/>\n<br \/>Ba\u015fkan \u00c7avu\u015fo\u011flu, kampanya ile ilgili yapt\u0131\u011f\u0131 a\u00e7\u0131klamada \u015funlar\u0131 s\u00f6yledi:<br \/>\n<br \/>\u201cDenizli olarak her zaman dayan\u0131\u015fmay\u0131 ve birlikteli\u011fi \u00f6n planda tutmu\u015f bir \u015fehiriz. Bug\u00fcn ekonomik \u015fartlar nedeniyle zorluk ya\u015fayan hem\u015fehrilerimiz var. \u0130\u015fte bu noktada toplumumuzun yard\u0131mla\u015fma ruhunu harekete ge\u00e7irecek \u2018Ask\u0131da Fatura\u2019 uygulamas\u0131n\u0131 hayata ge\u00e7iriyoruz. Kampanyam\u0131z, \u2018Ben de\u011fil, biz\u2019 demenin zaman\u0131d\u0131r diyerek mutlu insanlar\u0131n ya\u015fad\u0131\u011f\u0131 bir Denizli i\u00e7in ihtiya\u00e7 sahibi vatanda\u015flar\u0131m\u0131z ile yard\u0131mseverlerimizi bir araya getiriyor. \u015eeffafl\u0131k ve gizlili\u011fi esas ald\u0131\u011f\u0131m\u0131z bu uygulamada, yard\u0131m\u0131 yapan ve alan ki\u015filer birbirini g\u00f6rmeden destek sa\u011flanacak. Toplumsal dayan\u0131\u015fmam\u0131z\u0131n en g\u00fczel \u00f6rneklerinden birini daha ya\u015fatacak bu \u00e7al\u0131\u015fmaya t\u00fcm hay\u0131rsever hem\u015fehrilerimi katk\u0131 sunmaya davet ediyorum.\u201d<br \/><\/p>\n","protected":false},"excerpt":{"rendered":"<p>Denizli Su ve Kanalizasyon \u0130daresi (DESK\u0130), ekonomik zorluk \u00e7eken vatanda\u015flar ile hay\u0131rseverleri bulu\u015fturacak yeni bir uygulamay\u0131 hayata ge\u00e7irdi. \u201cAsk\u0131da Fatura\u201d kampanyas\u0131, \u00f6deme g\u00fc\u00e7l\u00fc\u011f\u00fc ya\u015fayan vatanda\u015flar\u0131n su faturalar\u0131n\u0131n hay\u0131rseverler taraf\u0131ndan kar\u015f\u0131lanmas\u0131na imkan sa\u011flayacak. Denizli B\u00fcy\u00fck\u015fehir Belediye Ba\u015fkan\u0131 B\u00fclent Nuri \u00c7avu\u015fo\u011flu\u2019nun talimat\u0131 do\u011frultusunda ba\u015flat\u0131lan \u201cAsk\u0131da Fatura\u201d uygulamas\u0131, sosyal yard\u0131m alan ihtiya\u00e7 sahibi vatanda\u015flar ile yard\u0131mseverleri bir araya&#8230;<\/p>\n","protected":false},"author":1,"featured_media":12521,"comment_status":"open","ping_status":"open","sticky":false,"template":"","format":"standard","meta":{"_crdt_document":"","footnotes":""},"categories":[125],"tags":[],"class_list":["post-12520","post","type-post","status-publish","format-standard","has-post-thumbnail","hentry","category-ekonomi"],"_links":{"self":[{"href":"https:\/\/www.egemtv.com\/index.php?rest_route=\/wp\/v2\/posts\/12520","targetHints":{"allow":["GET"]}}],"collection":[{"href":"https:\/\/www.egemtv.com\/index.php?rest_route=\/wp\/v2\/posts"}],"about":[{"href":"https:\/\/www.egemtv.com\/index.php?rest_route=\/wp\/v2\/types\/post"}],"author":[{"embeddable":true,"href":"https:\/\/www.egemtv.com\/index.php?rest_route=\/wp\/v2\/users\/1"}],"replies":[{"embeddable":true,"href":"https:\/\/www.egemtv.com\/index.php?rest_route=%2Fwp%2Fv2%2Fcomments&post=12520"}],"version-history":[{"count":1,"href":"https:\/\/www.egemtv.com\/index.php?rest_route=\/wp\/v2\/posts\/12520\/revisions"}],"predecessor-version":[{"id":12522,"href":"https:\/\/www.egemtv.com\/index.php?rest_route=\/wp\/v2\/posts\/12520\/revisions\/12522"}],"wp:featuredmedia":[{"embeddable":true,"href":"https:\/\/www.egemtv.com\/index.php?rest_route=\/wp\/v2\/media\/12521"}],"wp:attachment":[{"href":"https:\/\/www.egemtv.com\/index.php?rest_route=%2Fwp%2Fv2%2Fmedia&parent=12520"}],"wp:term":[{"taxonomy":"category","embeddable":true,"href":"https:\/\/www.egemtv.com\/index.php?rest_route=%2Fwp%2Fv2%2Fcategories&post=12520"},{"taxonomy":"post_tag","embeddable":true,"href":"https:\/\/www.egemtv.com\/index.php?rest_route=%2Fwp%2Fv2%2Ftags&post=12520"}],"curies":[{"name":"wp","href":"https:\/\/api.w.org\/{rel}","templated":true}]}}