{"id":12517,"date":"2025-01-26T12:36:58","date_gmt":"2025-01-26T09:36:58","guid":{"rendered":"https:\/\/www.egemtv.com\/?p=12517"},"modified":"2025-01-26T12:37:00","modified_gmt":"2025-01-26T09:37:00","slug":"kutahyali-baskan-ismail-baris-genel-baskan-yardimciligi-gorevine-secildi","status":"publish","type":"post","link":"https:\/\/www.egemtv.com\/?p=12517","title":{"rendered":"K\u00fctahyal\u0131 Ba\u015fkan \u0130smail Bar\u0131\u015f, Genel Ba\u015fkan Yard\u0131mc\u0131l\u0131\u011f\u0131 g\u00f6revine se\u00e7ildi"},"content":{"rendered":"<p>Alt\u0131 Nokta K\u00f6rler Derne\u011fi\u2019nin 34. Ola\u011fan Genel Kurul Toplant\u0131s\u0131, ger\u00e7ekle\u015ftirildi. Genel ba\u015fkanl\u0131k i\u00e7in iki listenin yar\u0131\u015ft\u0131\u011f\u0131 se\u00e7imde, Ankara \u015eube Ba\u015fkan\u0131 Yusuf Dugan genel ba\u015fkanl\u0131\u011fa se\u00e7ildi.<br \/>\n<br \/>Yeni y\u00f6netim kurulunda 23 ki\u015fi yer al\u0131rken, Alt\u0131 Nokta K\u00f6rler Derne\u011fi K\u00fctahya \u015eube Ba\u015fkan\u0131 \u0130smail Bar\u0131\u015f da y\u00f6netim kuruluna girmeye hak kazand\u0131. Genel merkez y\u00f6netim kurulunun ilk toplant\u0131s\u0131nda yap\u0131lan y\u00fcr\u00fctme kurulu se\u00e7imleri sonucunda, \u0130smail Bar\u0131\u015f oy birli\u011fiyle Gen\u00e7lik ve Spordan Sorumlu Genel Ba\u015fkan Yard\u0131mc\u0131l\u0131\u011f\u0131 g\u00f6revine getirildi.<br \/>\n<br \/>Se\u00e7im sonras\u0131 a\u00e7\u0131klama yapan Bar\u0131\u015f, 2014 y\u0131l\u0131ndan bu yana K\u00fctahya \u015eube Ba\u015fkanl\u0131\u011f\u0131 g\u00f6revini y\u00fcr\u00fctt\u00fc\u011f\u00fcn\u00fc belirterek, ge\u00e7mi\u015f d\u00f6nemde \u00fcstlendi\u011fi g\u00f6revleri hat\u0131rlatt\u0131. 2019-2022 y\u0131llar\u0131 aras\u0131nda K\u00fctahya Kent Konseyi Engelli Meclis Ba\u015fkanl\u0131\u011f\u0131 g\u00f6revini \u00fcstlenen Bar\u0131\u015f, ayr\u0131ca 2017-2020 y\u0131llar\u0131 aras\u0131nda T\u00fcrkiye K\u00f6rler Federasyonu y\u00f6netim kurulu \u00fcyeli\u011finde de bulundu.<br \/>\n<br \/>Yeni g\u00f6revinde engelli bireylerin spor ve gen\u00e7lik alan\u0131ndaki haklar\u0131n\u0131 g\u00fc\u00e7lendirmek i\u00e7in \u00e7al\u0131\u015faca\u011f\u0131n\u0131 belirten Bar\u0131\u015f, kendisine verilen destek i\u00e7in te\u015fekk\u00fcr etti.<br \/><\/p>\n","protected":false},"excerpt":{"rendered":"<p>Alt\u0131 Nokta K\u00f6rler Derne\u011fi\u2019nin 34. Ola\u011fan Genel Kurul Toplant\u0131s\u0131, ger\u00e7ekle\u015ftirildi. Genel ba\u015fkanl\u0131k i\u00e7in iki listenin yar\u0131\u015ft\u0131\u011f\u0131 se\u00e7imde, Ankara \u015eube Ba\u015fkan\u0131 Yusuf Dugan genel ba\u015fkanl\u0131\u011fa se\u00e7ildi. Yeni y\u00f6netim kurulunda 23 ki\u015fi yer al\u0131rken, Alt\u0131 Nokta K\u00f6rler Derne\u011fi K\u00fctahya \u015eube Ba\u015fkan\u0131 \u0130smail Bar\u0131\u015f da y\u00f6netim kuruluna girmeye hak kazand\u0131. Genel merkez y\u00f6netim kurulunun ilk toplant\u0131s\u0131nda yap\u0131lan y\u00fcr\u00fctme&#8230;<\/p>\n","protected":false},"author":1,"featured_media":12518,"comment_status":"open","ping_status":"open","sticky":false,"template":"","format":"standard","meta":{"_crdt_document":"","footnotes":""},"categories":[123],"tags":[],"class_list":["post-12517","post","type-post","status-publish","format-standard","has-post-thumbnail","hentry","category-gundem"],"_links":{"self":[{"href":"https:\/\/www.egemtv.com\/index.php?rest_route=\/wp\/v2\/posts\/12517","targetHints":{"allow":["GET"]}}],"collection":[{"href":"https:\/\/www.egemtv.com\/index.php?rest_route=\/wp\/v2\/posts"}],"about":[{"href":"https:\/\/www.egemtv.com\/index.php?rest_route=\/wp\/v2\/types\/post"}],"author":[{"embeddable":true,"href":"https:\/\/www.egemtv.com\/index.php?rest_route=\/wp\/v2\/users\/1"}],"replies":[{"embeddable":true,"href":"https:\/\/www.egemtv.com\/index.php?rest_route=%2Fwp%2Fv2%2Fcomments&post=12517"}],"version-history":[{"count":1,"href":"https:\/\/www.egemtv.com\/index.php?rest_route=\/wp\/v2\/posts\/12517\/revisions"}],"predecessor-version":[{"id":12519,"href":"https:\/\/www.egemtv.com\/index.php?rest_route=\/wp\/v2\/posts\/12517\/revisions\/12519"}],"wp:featuredmedia":[{"embeddable":true,"href":"https:\/\/www.egemtv.com\/index.php?rest_route=\/wp\/v2\/media\/12518"}],"wp:attachment":[{"href":"https:\/\/www.egemtv.com\/index.php?rest_route=%2Fwp%2Fv2%2Fmedia&parent=12517"}],"wp:term":[{"taxonomy":"category","embeddable":true,"href":"https:\/\/www.egemtv.com\/index.php?rest_route=%2Fwp%2Fv2%2Fcategories&post=12517"},{"taxonomy":"post_tag","embeddable":true,"href":"https:\/\/www.egemtv.com\/index.php?rest_route=%2Fwp%2Fv2%2Ftags&post=12517"}],"curies":[{"name":"wp","href":"https:\/\/api.w.org\/{rel}","templated":true}]}}