{"id":12514,"date":"2025-01-26T12:13:58","date_gmt":"2025-01-26T09:13:58","guid":{"rendered":"https:\/\/www.egemtv.com\/?p=12514"},"modified":"2025-01-26T12:14:00","modified_gmt":"2025-01-26T09:14:00","slug":"yalvacin-825-yillik-cinar-agaci-tarihe-koklu-bir-taniklik-yapiyor","status":"publish","type":"post","link":"https:\/\/www.egemtv.com\/?p=12514","title":{"rendered":"Yalva\u00e7\u2019\u0131n 825 y\u0131ll\u0131k \u00e7\u0131nar a\u011fac\u0131 tarihe k\u00f6kl\u00fc bir tan\u0131kl\u0131k yap\u0131yor"},"content":{"rendered":"<p>Isparta\u2019n\u0131n Yalva\u00e7 il\u00e7esinin merkezinde yer alan 825 y\u0131ll\u0131k \u00e7\u0131nar a\u011fac\u0131, tarihi ve g\u00f6rkemiyle b\u00f6lgenin simgesi haline gelmi\u015f durumda. Pazar Yukar\u0131 Mahallesi\u2019nde bulunan ve 1992 y\u0131l\u0131nda do\u011fal an\u0131t olarak tescillenen bu as\u0131rl\u0131k \u00e7\u0131nar, g\u00f6lgesindeki k\u0131raathanelerde dost sohbetlerine ev sahipli\u011fi yap\u0131yor. Yerli ve yabanc\u0131 turistlerin ilgi oda\u011f\u0131 olan \u00e7\u0131nar, ge\u00e7mi\u015fle bug\u00fcn aras\u0131nda k\u00f6pr\u00fc kurarak Yalva\u00e7\u2019\u0131n k\u00f6kl\u00fc tarihine ve k\u00fclt\u00fcr\u00fcne \u0131\u015f\u0131k tutmaya devam ediyor.<br \/>\n<br \/>Isparta\u2019n\u0131n Yalva\u00e7 il\u00e7esinde, k\u00f6kleriyle topra\u011fa, dallar\u0131yla g\u00f6ky\u00fcz\u00fcne uzanan 825 y\u0131ll\u0131k \u00e7\u0131nar a\u011fac\u0131, tarihe meydan okumaya devam ediyor. Pazar Yukar\u0131 Mahallesi\u2019nde bulunan ve 1200\u2019l\u00fc y\u0131llarda dikildi\u011fi tahmin edilen as\u0131rl\u0131k \u00e7\u0131nar, b\u00f6lge halk\u0131n\u0131n ve turistlerin ilgi oda\u011f\u0131 haline geldi. G\u00f6vde \u00e7evresi 11 metre, dallar\u0131n\u0131n uzunlu\u011fu ise 10 ila 18 metre aras\u0131nda de\u011fi\u015fen \u00e7\u0131nar, 11 May\u0131s 1992\u2019de Antalya Koruma Kurulu taraf\u0131ndan \u201cdo\u011fal an\u0131t\u201d olarak tescillenerek koruma alt\u0131na al\u0131nd\u0131. Tarih boyunca Yalva\u00e7\u2019\u0131n merkezi olarak kabul edilen bu g\u00f6rkemli a\u011fa\u00e7, g\u00fcn\u00fcm\u00fczde de hem yerli hem de yabanc\u0131 ziyaret\u00e7ileri a\u011f\u0131rl\u0131yor.<\/p>\n<p>825 y\u0131ll\u0131k \u00c7\u0131nar\u0131n g\u00f6lgesinde sohbetler ve kahve keyfi<br \/>\n<br \/>Tarihi \u00e7\u0131nar\u0131n g\u00f6lgesinde kurulan nostaljik k\u0131raathaneler, y\u0131llard\u0131r dostlar\u0131n bulu\u015fma noktas\u0131 olmaya devam ediyor. Buraya gelenler, yemye\u015fil dallar\u0131n alt\u0131nda kahvelerini yudumlayarak hem huzur buluyor hem de ge\u00e7mi\u015fin izlerini ya\u015f\u0131yor. Yalva\u00e7l\u0131 bir vatanda\u015f, \u201c800 y\u0131ll\u0131k bir \u00e7\u0131nar a\u011fac\u0131n\u0131n alt\u0131nda oturuyoruz \u015fu anda. K\u0131\u015f\u0131n bile bir g\u00fczel, yaz\u0131n ise daha g\u00fczeldir yemye\u015fil. Buradaki kahvelerde \u00e7ok g\u00fczel nostalji kahveler. Arada s\u0131rada dostlar\u0131mla gelir, otururuz. Buran\u0131n g\u00fczelli\u011fi anlat\u0131larak ifade edilmez\u201d dedi.<\/p>\n<p>Tarihe ayna tutan bir sembol<br \/>\n<br \/>Yalva\u00e7\u2019\u0131n simgesi olan \u00e7\u0131nar a\u011fac\u0131, yaln\u0131zca do\u011faseverlerin de\u011fil, ayn\u0131 zamanda tarih merakl\u0131lar\u0131n\u0131n da vazge\u00e7ilmez duraklar\u0131ndan biri. \u00c7\u0131nar\u0131n etraf\u0131nda \u015fekillenen Yalva\u00e7 efsaneleri, b\u00f6lge halk\u0131n\u0131n k\u00fclt\u00fcr\u00fcn\u00fc ya\u015fatmaya ve ge\u00e7mi\u015fle bug\u00fcn aras\u0131nda bir k\u00f6pr\u00fc kurmaya devam ediyor. 825 y\u0131ll\u0131k \u00e7\u0131nar, Yalva\u00e7\u2019\u0131n k\u00f6kl\u00fc medeniyetine \u0131\u015f\u0131k tutan bir sembol olarak ya\u015famaya devam ediyor.<br \/><\/p>\n","protected":false},"excerpt":{"rendered":"<p>Isparta\u2019n\u0131n Yalva\u00e7 il\u00e7esinin merkezinde yer alan 825 y\u0131ll\u0131k \u00e7\u0131nar a\u011fac\u0131, tarihi ve g\u00f6rkemiyle b\u00f6lgenin simgesi haline gelmi\u015f durumda. Pazar Yukar\u0131 Mahallesi\u2019nde bulunan ve 1992 y\u0131l\u0131nda do\u011fal an\u0131t olarak tescillenen bu as\u0131rl\u0131k \u00e7\u0131nar, g\u00f6lgesindeki k\u0131raathanelerde dost sohbetlerine ev sahipli\u011fi yap\u0131yor. Yerli ve yabanc\u0131 turistlerin ilgi oda\u011f\u0131 olan \u00e7\u0131nar, ge\u00e7mi\u015fle bug\u00fcn aras\u0131nda k\u00f6pr\u00fc kurarak Yalva\u00e7\u2019\u0131n k\u00f6kl\u00fc tarihine&#8230;<\/p>\n","protected":false},"author":1,"featured_media":12515,"comment_status":"open","ping_status":"open","sticky":false,"template":"","format":"standard","meta":{"_crdt_document":"","footnotes":""},"categories":[1],"tags":[],"class_list":["post-12514","post","type-post","status-publish","format-standard","has-post-thumbnail","hentry","category-guncel"],"_links":{"self":[{"href":"https:\/\/www.egemtv.com\/index.php?rest_route=\/wp\/v2\/posts\/12514","targetHints":{"allow":["GET"]}}],"collection":[{"href":"https:\/\/www.egemtv.com\/index.php?rest_route=\/wp\/v2\/posts"}],"about":[{"href":"https:\/\/www.egemtv.com\/index.php?rest_route=\/wp\/v2\/types\/post"}],"author":[{"embeddable":true,"href":"https:\/\/www.egemtv.com\/index.php?rest_route=\/wp\/v2\/users\/1"}],"replies":[{"embeddable":true,"href":"https:\/\/www.egemtv.com\/index.php?rest_route=%2Fwp%2Fv2%2Fcomments&post=12514"}],"version-history":[{"count":1,"href":"https:\/\/www.egemtv.com\/index.php?rest_route=\/wp\/v2\/posts\/12514\/revisions"}],"predecessor-version":[{"id":12516,"href":"https:\/\/www.egemtv.com\/index.php?rest_route=\/wp\/v2\/posts\/12514\/revisions\/12516"}],"wp:featuredmedia":[{"embeddable":true,"href":"https:\/\/www.egemtv.com\/index.php?rest_route=\/wp\/v2\/media\/12515"}],"wp:attachment":[{"href":"https:\/\/www.egemtv.com\/index.php?rest_route=%2Fwp%2Fv2%2Fmedia&parent=12514"}],"wp:term":[{"taxonomy":"category","embeddable":true,"href":"https:\/\/www.egemtv.com\/index.php?rest_route=%2Fwp%2Fv2%2Fcategories&post=12514"},{"taxonomy":"post_tag","embeddable":true,"href":"https:\/\/www.egemtv.com\/index.php?rest_route=%2Fwp%2Fv2%2Ftags&post=12514"}],"curies":[{"name":"wp","href":"https:\/\/api.w.org\/{rel}","templated":true}]}}