{"id":12508,"date":"2025-01-26T11:28:56","date_gmt":"2025-01-26T08:28:56","guid":{"rendered":"https:\/\/www.egemtv.com\/?p=12508"},"modified":"2025-01-26T11:28:59","modified_gmt":"2025-01-26T08:28:59","slug":"doga-sevenler-surucu-dedi-baskan-surucu-guven-tazeledi","status":"publish","type":"post","link":"https:\/\/www.egemtv.com\/?p=12508","title":{"rendered":"Do\u011fa sevenler \u2018S\u00fcr\u00fcc\u00fc\u2019 dedi, Ba\u015fkan S\u00fcr\u00fcc\u00fc g\u00fcven tazeledi"},"content":{"rendered":"<p>Bir\u00e7ok \u00f6ren yeri ve do\u011fal g\u00fczellikleri ile adeta a\u00e7\u0131k hava m\u00fczesi olan Ayd\u0131n\u2019\u0131n, tarihi ve do\u011fas\u0131n\u0131n korunmas\u0131 ad\u0131na \u00f6nemli fark\u0131ndal\u0131k \u00e7al\u0131\u015fmalar\u0131 y\u00fcr\u00fcten Ekosistemi Koruma ve Do\u011fa Sevenler Derne\u011fi\u2019nde (EKODOSD) genel kurul heyecan\u0131 ya\u015fand\u0131. Tek liste ile gidilen se\u00e7imlerde ise mevcut ba\u015fkan Bahattin S\u00fcr\u00fcc\u00fc yeniden ba\u015fkan se\u00e7ilerek g\u00fcven tazeledi.<\/p>\n<p>Ayd\u0131n\u2019\u0131n Ku\u015fadas\u0131 il\u00e7esi merkezli faaliyet g\u00f6steren ve bir\u00e7ok fark\u0131ndal\u0131k \u00e7al\u0131\u015fmalar\u0131 ile dikkatleri \u00fczerine \u00e7eken Ekosistemi Koruma ve Do\u011fa Sevenler Derne\u011fi\u2019nde genel kurul heyecan\u0131 ya\u015fand\u0131. Dernek binas\u0131nda ger\u00e7ekle\u015ftirilen 8. Ola\u011fan Genel Kurul toplant\u0131s\u0131nda yeni y\u00f6netim ve ba\u015fkanl\u0131k se\u00e7imleri de yap\u0131ld\u0131. Tek adayl\u0131 olarak gidilen se\u00e7imde mevcut ba\u015fkan Bahattin S\u00fcr\u00fcc\u00fc, yeniden ba\u015fkan se\u00e7ilerek g\u00fcven tazeledi.<\/p>\n<p>Toplant\u0131n\u0131n y\u00f6netim ba\u015fkanl\u0131\u011f\u0131n\u0131 R\u00fc\u015ft\u00fc Kirman, ba\u015fkan vekilli\u011fini Mustafa Kurt ve katip \u00fcyeli\u011fini Bilgesu \u015eamilo\u011flu\u2019nun yapt\u0131\u011f\u0131 genel kurulda g\u00fcndem maddelerinin g\u00f6r\u00fc\u015f\u00fclmesinin ard\u0131ndan EKODOSD\u2019un 3 y\u0131ll\u0131k faaliyet raporu, b\u00fct\u00e7esi, tahmini b\u00fct\u00e7esi, denetleme kurulu raporu, t\u00fcz\u00fck de\u011fi\u015fikli\u011fi, \u00fcyelik aidatlar\u0131n\u0131n g\u00fcncellenmesi okunarak oylamaya sunuldu. Faaliyet raporu genel kurul \u00fcyeleri taraf\u0131ndan oybirli\u011fiyle kabul edilirken, kurulda 2022-2024 d\u00f6nemi g\u00f6rev alan y\u00f6netim ve denetim kurulu \u00fcyelerine ve \u00e7al\u0131\u015fmalara katk\u0131 veren \u00fcyelere te\u015fekk\u00fcr belgeleri takdim edildi.<\/p>\n<p>EKODOSD\u2019un yeni y\u00f6netim kurulu ise Bahattin S\u00fcr\u00fcc\u00fc, Sebahat Serap \u00c7ubuk\u00e7u, Nawal Algeedi, Bilgesu \u015eamilo\u011flu, Sel\u00e7uk \u0130nan\u00e7, Abdullah Kavak, Derya Ko\u00e7yi\u011fit isimlerinden olu\u015ftu. Denetim Kurulu \u00fcyeliklerine de R\u00fc\u015ft\u00fc Kirman, Ahmet Azbazdar, G\u00fclru Bekta\u015f se\u00e7ildi.<br \/><\/p>\n","protected":false},"excerpt":{"rendered":"<p>Bir\u00e7ok \u00f6ren yeri ve do\u011fal g\u00fczellikleri ile adeta a\u00e7\u0131k hava m\u00fczesi olan Ayd\u0131n\u2019\u0131n, tarihi ve do\u011fas\u0131n\u0131n korunmas\u0131 ad\u0131na \u00f6nemli fark\u0131ndal\u0131k \u00e7al\u0131\u015fmalar\u0131 y\u00fcr\u00fcten Ekosistemi Koruma ve Do\u011fa Sevenler Derne\u011fi\u2019nde (EKODOSD) genel kurul heyecan\u0131 ya\u015fand\u0131. Tek liste ile gidilen se\u00e7imlerde ise mevcut ba\u015fkan Bahattin S\u00fcr\u00fcc\u00fc yeniden ba\u015fkan se\u00e7ilerek g\u00fcven tazeledi. Ayd\u0131n\u2019\u0131n Ku\u015fadas\u0131 il\u00e7esi merkezli faaliyet g\u00f6steren ve&#8230;<\/p>\n","protected":false},"author":1,"featured_media":12509,"comment_status":"open","ping_status":"open","sticky":false,"template":"","format":"standard","meta":{"_crdt_document":"","footnotes":""},"categories":[1],"tags":[],"class_list":["post-12508","post","type-post","status-publish","format-standard","has-post-thumbnail","hentry","category-guncel"],"_links":{"self":[{"href":"https:\/\/www.egemtv.com\/index.php?rest_route=\/wp\/v2\/posts\/12508","targetHints":{"allow":["GET"]}}],"collection":[{"href":"https:\/\/www.egemtv.com\/index.php?rest_route=\/wp\/v2\/posts"}],"about":[{"href":"https:\/\/www.egemtv.com\/index.php?rest_route=\/wp\/v2\/types\/post"}],"author":[{"embeddable":true,"href":"https:\/\/www.egemtv.com\/index.php?rest_route=\/wp\/v2\/users\/1"}],"replies":[{"embeddable":true,"href":"https:\/\/www.egemtv.com\/index.php?rest_route=%2Fwp%2Fv2%2Fcomments&post=12508"}],"version-history":[{"count":1,"href":"https:\/\/www.egemtv.com\/index.php?rest_route=\/wp\/v2\/posts\/12508\/revisions"}],"predecessor-version":[{"id":12510,"href":"https:\/\/www.egemtv.com\/index.php?rest_route=\/wp\/v2\/posts\/12508\/revisions\/12510"}],"wp:featuredmedia":[{"embeddable":true,"href":"https:\/\/www.egemtv.com\/index.php?rest_route=\/wp\/v2\/media\/12509"}],"wp:attachment":[{"href":"https:\/\/www.egemtv.com\/index.php?rest_route=%2Fwp%2Fv2%2Fmedia&parent=12508"}],"wp:term":[{"taxonomy":"category","embeddable":true,"href":"https:\/\/www.egemtv.com\/index.php?rest_route=%2Fwp%2Fv2%2Fcategories&post=12508"},{"taxonomy":"post_tag","embeddable":true,"href":"https:\/\/www.egemtv.com\/index.php?rest_route=%2Fwp%2Fv2%2Ftags&post=12508"}],"curies":[{"name":"wp","href":"https:\/\/api.w.org\/{rel}","templated":true}]}}