{"id":12505,"date":"2025-01-26T11:28:54","date_gmt":"2025-01-26T08:28:54","guid":{"rendered":"https:\/\/www.egemtv.com\/?p=12505"},"modified":"2025-01-26T11:28:56","modified_gmt":"2025-01-26T08:28:56","slug":"izmir-ekonomili-meteden-sinirlari-asan-basari","status":"publish","type":"post","link":"https:\/\/www.egemtv.com\/?p=12505","title":{"rendered":"\u0130zmir Ekonomili Mete\u2019den \u2018s\u0131n\u0131rlar\u0131\u2019 a\u015fan ba\u015far\u0131"},"content":{"rendered":"<p>\u0130zmir Ekonomi \u00dcniversitesi\u2019nden (\u0130E\u00dc) mezun olduktan sonra e\u011fitimini Slovenya\u2019da s\u00fcrd\u00fcren Berhan Mete Ark\u0131n, s\u0131n\u0131rda g\u00f6revli bir askerin kurallara uyup uymamak konusunda ya\u015fad\u0131\u011f\u0131 ikilemi konu alan \u2018Aylan\u2019 isimli filminin senaryosuyla Zagreb Film Festivali\u2019nde \u00f6d\u00fcle lay\u0131k g\u00f6r\u00fcld\u00fc.<br \/>\n<br \/>\u0130zmir Ekonomi \u00dcniversitesi (\u0130E\u00dc) \u0130leti\u015fim Fak\u00fcltesi Sinema ve Dijital Medya B\u00f6l\u00fcm\u00fc\u2019nden 2019 y\u0131l\u0131nda mezun olan Berhan Mete Ark\u0131n, diplomas\u0131n\u0131 almas\u0131n\u0131n ard\u0131ndan \u0130stanbul\u2019a giderek film sekt\u00f6r\u00fcnde yakla\u015f\u0131k 3 y\u0131l \u00e7e\u015fitli g\u00f6revlerde bulundu. Bu s\u00fcre\u00e7te deneyim kazanma ve \u00e7evre edinme imkan\u0131 bulan Ark\u0131n, \u00e7ok sevdi\u011fi sinema alan\u0131nda y\u00fcksek lisans yaparak geli\u015fimini s\u00fcrd\u00fcrmek amac\u0131yla Slovenya\u2019n\u0131n yolunu tuttu. Ark\u0131n, s\u0131n\u0131rda g\u00f6revli bir askerin kurallara uyup uymamak konusunda ya\u015fad\u0131\u011f\u0131 ikilemi konu alan \u2018Aylan\u2019 isimli filminin senaryosuyla Zagreb Film Festivali\u2019nde \u00f6d\u00fcle lay\u0131k g\u00f6r\u00fcld\u00fc.<\/p>\n<p>Sava\u015f temal\u0131 psikodrama<br \/>\n<br \/>Nova Gorica \u00dcniversitesi\u2019ne kabul edilen ve yurt d\u0131\u015f\u0131nda e\u011fitim alma hedefine ula\u015fan Ark\u0131n, burada kendine \u00f6zg\u00fc senaryolar geli\u015ftirmeye ve film sekt\u00f6r\u00fcnde fark olu\u015fturan \u00e7al\u0131\u015fmalar yapmaya odakland\u0131. Slovenya\u2019daki \u00fcniversitenin deste\u011fiyle 2024 Zagreb Film Festivali\u2019nde yar\u0131\u015fmak i\u00e7in \u00f6zel bir senaryo haz\u0131rlayan Ark\u0131n, yakla\u015f\u0131k 10 dakikal\u0131k sava\u015f temal\u0131 psikodrama filminin senaryosuyla \u00f6d\u00fcle ula\u015ft\u0131.<\/p>\n<p>\u201cBa\u015far\u0131l\u0131 bir y\u00f6netmen ve akademisyen olmak istiyorum\u201d<br \/>\n<br \/>\u00c7ocuklu\u011fundan beri filmlere, video \u00e7ekimlerine merakl\u0131 oldu\u011funu s\u00f6yleyen Ark\u0131n, \u201cK\u00fc\u00e7\u00fckken k\u00f6yde bile kamera kullan\u0131r, herkesin videosunu \u00e7ekmek isterdim. Bu ilgim, hi\u00e7bir zaman azalmad\u0131 ve \u00fcniversite e\u011fitimimde de belirleyici oldu. \u00dcniversitemden mezun olduktan sonra \u0130stanbul\u2019a giderek sekt\u00f6r\u00fc tan\u0131d\u0131m, i\u015fin mutfa\u011f\u0131na girdim. Benim i\u00e7in muhte\u015fem bir deneyimdi. \u0130leriye d\u00f6n\u00fck kariyer hedefim hem ba\u015far\u0131l\u0131 bir akademisyen hem de iyi bir y\u00f6netmen olmak. Bunun i\u00e7in de y\u00fcksek lisans yapmaya karar verdim ve Slovenya\u2019ya gittim. Burada mutluyum, iyi ki gelmi\u015fim. Akademik e\u011fitim al\u0131rken senaryo haz\u0131rlamaktan, film \u00e7ekmekten de vazge\u00e7medim\u201d diye konu\u015ftu.<\/p>\n<p>Aylan bebe\u011fin ad\u0131n\u0131 verdi<br \/>\n<br \/>Filmiyle ilgili bilgiler payla\u015fan Ark\u0131n, s\u00f6zlerini \u015f\u00f6yle tamamlad\u0131: \u201cSenaryom, Slovenya-\u0130talya s\u0131n\u0131r\u0131nda g\u00f6rev yapan bir askerin ya\u015fad\u0131klar\u0131n\u0131 konu al\u0131yor. S\u0131n\u0131r\u0131 birbirinden ay\u0131ran bir nehir var. Asker, kurallara uymak ve s\u0131n\u0131r ihlallerine kar\u015f\u0131 dikkatli olmak durumunda. Bu s\u00fcre\u00e7te, s\u0131n\u0131r\u0131 ge\u00e7mek isteyen insanlar\u0131 g\u00f6rd\u00fck\u00e7e, onlarla ileti\u015fim kurduk\u00e7a, kurallara uyup uymamak konusunda ya\u015fad\u0131\u011f\u0131 ikilemler, filmde aktar\u0131l\u0131yor. Zagreb Film Festivali\u2019ndeki \u2018Industy Youth\u2019 forumunda senaryo sunumlar\u0131n\u0131 i\u00e7eren bir yar\u0131\u015fma ger\u00e7ekle\u015ftirildi ve birinci oldum. \u00d6d\u00fcl olarak da Zagreb\u2019teki Brau St\u00fcdyolar\u0131nda filmin renkleri i\u00e7in sponsorluk elde ettik. Filmime; Bodrum\u2019da sahile vuran minik bedeniyle g\u00f6\u00e7menlerin ya\u015fad\u0131\u011f\u0131 dram\u0131n sembol\u00fc haline gelen Aylan bebe\u011fin ismini vermek istedim. Film; tam olarak Aylan bebe\u011fin ya\u015fad\u0131\u011f\u0131 dram\u0131, zorluklar\u0131 anlatm\u0131yor. G\u00f6\u00e7menler, elbette daha b\u00fcy\u00fck zorluklar, olumsuzluklar ya\u015f\u0131yor. Ancak yine de g\u00f6\u00e7menlerin ya\u015fad\u0131\u011f\u0131 sorunlara dikkat \u00e7ekmesi, fark\u0131ndal\u0131k olu\u015fturmas\u0131 a\u00e7\u0131s\u0131ndan filmime \u2018Aylan\u2019 ismini vermek istedim. Nisanda \u00e7ekimleri yap\u0131p bir an \u00f6nce filmi tamamlamak istiyorum. Filmin ba\u015far\u0131l\u0131 olaca\u011f\u0131na inan\u0131yorum.\u201d<br \/><\/p>\n","protected":false},"excerpt":{"rendered":"<p>\u0130zmir Ekonomi \u00dcniversitesi\u2019nden (\u0130E\u00dc) mezun olduktan sonra e\u011fitimini Slovenya\u2019da s\u00fcrd\u00fcren Berhan Mete Ark\u0131n, s\u0131n\u0131rda g\u00f6revli bir askerin kurallara uyup uymamak konusunda ya\u015fad\u0131\u011f\u0131 ikilemi konu alan \u2018Aylan\u2019 isimli filminin senaryosuyla Zagreb Film Festivali\u2019nde \u00f6d\u00fcle lay\u0131k g\u00f6r\u00fcld\u00fc. \u0130zmir Ekonomi \u00dcniversitesi (\u0130E\u00dc) \u0130leti\u015fim Fak\u00fcltesi Sinema ve Dijital Medya B\u00f6l\u00fcm\u00fc\u2019nden 2019 y\u0131l\u0131nda mezun olan Berhan Mete Ark\u0131n, diplomas\u0131n\u0131 almas\u0131n\u0131n&#8230;<\/p>\n","protected":false},"author":1,"featured_media":12506,"comment_status":"open","ping_status":"open","sticky":false,"template":"","format":"standard","meta":{"_crdt_document":"","footnotes":""},"categories":[1],"tags":[],"class_list":["post-12505","post","type-post","status-publish","format-standard","has-post-thumbnail","hentry","category-guncel"],"_links":{"self":[{"href":"https:\/\/www.egemtv.com\/index.php?rest_route=\/wp\/v2\/posts\/12505","targetHints":{"allow":["GET"]}}],"collection":[{"href":"https:\/\/www.egemtv.com\/index.php?rest_route=\/wp\/v2\/posts"}],"about":[{"href":"https:\/\/www.egemtv.com\/index.php?rest_route=\/wp\/v2\/types\/post"}],"author":[{"embeddable":true,"href":"https:\/\/www.egemtv.com\/index.php?rest_route=\/wp\/v2\/users\/1"}],"replies":[{"embeddable":true,"href":"https:\/\/www.egemtv.com\/index.php?rest_route=%2Fwp%2Fv2%2Fcomments&post=12505"}],"version-history":[{"count":1,"href":"https:\/\/www.egemtv.com\/index.php?rest_route=\/wp\/v2\/posts\/12505\/revisions"}],"predecessor-version":[{"id":12507,"href":"https:\/\/www.egemtv.com\/index.php?rest_route=\/wp\/v2\/posts\/12505\/revisions\/12507"}],"wp:featuredmedia":[{"embeddable":true,"href":"https:\/\/www.egemtv.com\/index.php?rest_route=\/wp\/v2\/media\/12506"}],"wp:attachment":[{"href":"https:\/\/www.egemtv.com\/index.php?rest_route=%2Fwp%2Fv2%2Fmedia&parent=12505"}],"wp:term":[{"taxonomy":"category","embeddable":true,"href":"https:\/\/www.egemtv.com\/index.php?rest_route=%2Fwp%2Fv2%2Fcategories&post=12505"},{"taxonomy":"post_tag","embeddable":true,"href":"https:\/\/www.egemtv.com\/index.php?rest_route=%2Fwp%2Fv2%2Ftags&post=12505"}],"curies":[{"name":"wp","href":"https:\/\/api.w.org\/{rel}","templated":true}]}}