{"id":12499,"date":"2025-01-26T11:05:06","date_gmt":"2025-01-26T08:05:06","guid":{"rendered":"https:\/\/www.egemtv.com\/?p=12499"},"modified":"2025-01-26T11:05:09","modified_gmt":"2025-01-26T08:05:09","slug":"karsiyakada-kotu-gidisat-devam-ediyor","status":"publish","type":"post","link":"https:\/\/www.egemtv.com\/?p=12499","title":{"rendered":"Kar\u015f\u0131yaka\u2019da k\u00f6t\u00fc gidi\u015fat devam ediyor"},"content":{"rendered":"<p>Kar\u015f\u0131yaka, Basketbol S\u00fcper Ligi\u2019nin 16. haftas\u0131nda Bah\u00e7ehir Koleji\u2019ne 80-65 ma\u011flup olarak \u00fcst \u00fcste 5. yenilgisini ald\u0131.<br \/>\n<br \/>Basketbol S\u00fcper Ligi ekiplerinden Kar\u015f\u0131yaka, 16. hafta m\u00fccadelesinde Bah\u00e7e\u015fehir Koleji\u2019yle kar\u015f\u0131 kar\u015f\u0131ya geldi. Mustafa Kemal Atat\u00fcrk Kar\u015f\u0131yaka Spor Salonu\u2019nda oynanan m\u00fcsabakay\u0131 ev sahibi Kar\u015f\u0131yaka 80-65 kaybetti. Bu sonu\u00e7la birlikte ye\u015fil-k\u0131rm\u0131z\u0131l\u0131lar arka arkaya 5. yenilgisini ald\u0131 ve puan tablosunda 7. s\u0131raya kadar geriledi. M\u00fcsabaka sonras\u0131nda Kar\u015f\u0131yaka Antren\u00f6r\u00fc R\u00fc\u00e7han Tams\u00f6z \u00f6nemli a\u00e7\u0131klamalarda bulundu. Tak\u0131m ve kul\u00fcp olarak \u00e7ok zor bir d\u00f6nemden ge\u00e7tiklerini hat\u0131rlatan Tams\u00f6z, \u201cFakat bu s\u00fcre\u00e7, \u00f6zellikle gen\u00e7 karde\u015flerimiz i\u00e7in farkl\u0131 f\u0131rsatlar olu\u015fturuyor ve onlar da bu f\u0131rsat\u0131 en iyi \u015fekilde de\u011ferlendiriyorlar. Bundan dolay\u0131 mutluyum. B\u00fct\u00fcn oyuncu karde\u015flerim, iki haftad\u0131r oldu\u011fu gibi, ellerinden gelen m\u00fccadeleyi g\u00f6steriyor ve b\u00fcy\u00fck bir \u00f6zveriyle oynamaya devam ediyorlar. Umar\u0131m bu s\u00fcre\u00e7 bir an \u00f6nce sonlan\u0131r ve sorunlar \u00e7\u00f6z\u00fcl\u00fcr. Kar\u015f\u0131yaka basketbolu, b\u00f6yle bir durumu hak etmiyor\u201d dedi.<br \/>\n<br \/>\u0130zmir ekibinde ekonomik sorunlardan dolay\u0131 k\u0131sa bir s\u00fcre \u00f6nce Jefferson, Errick McCollum, James Webb, Jerry Boutsiele ve Kenan Sipahi gibi \u00f6nemli basketbolcular tak\u0131ma veda ederken son olarak da Ba\u015fantren\u00f6r Ufuk Sar\u0131ca g\u00f6revinden ayr\u0131ld\u0131.<br \/><\/p>\n","protected":false},"excerpt":{"rendered":"<p>Kar\u015f\u0131yaka, Basketbol S\u00fcper Ligi\u2019nin 16. haftas\u0131nda Bah\u00e7ehir Koleji\u2019ne 80-65 ma\u011flup olarak \u00fcst \u00fcste 5. yenilgisini ald\u0131. Basketbol S\u00fcper Ligi ekiplerinden Kar\u015f\u0131yaka, 16. hafta m\u00fccadelesinde Bah\u00e7e\u015fehir Koleji\u2019yle kar\u015f\u0131 kar\u015f\u0131ya geldi. Mustafa Kemal Atat\u00fcrk Kar\u015f\u0131yaka Spor Salonu\u2019nda oynanan m\u00fcsabakay\u0131 ev sahibi Kar\u015f\u0131yaka 80-65 kaybetti. Bu sonu\u00e7la birlikte ye\u015fil-k\u0131rm\u0131z\u0131l\u0131lar arka arkaya 5. yenilgisini ald\u0131 ve puan tablosunda 7&#8230;.<\/p>\n","protected":false},"author":1,"featured_media":12500,"comment_status":"open","ping_status":"open","sticky":false,"template":"","format":"standard","meta":{"_crdt_document":"","footnotes":""},"categories":[4],"tags":[],"class_list":["post-12499","post","type-post","status-publish","format-standard","has-post-thumbnail","hentry","category-spor"],"_links":{"self":[{"href":"https:\/\/www.egemtv.com\/index.php?rest_route=\/wp\/v2\/posts\/12499","targetHints":{"allow":["GET"]}}],"collection":[{"href":"https:\/\/www.egemtv.com\/index.php?rest_route=\/wp\/v2\/posts"}],"about":[{"href":"https:\/\/www.egemtv.com\/index.php?rest_route=\/wp\/v2\/types\/post"}],"author":[{"embeddable":true,"href":"https:\/\/www.egemtv.com\/index.php?rest_route=\/wp\/v2\/users\/1"}],"replies":[{"embeddable":true,"href":"https:\/\/www.egemtv.com\/index.php?rest_route=%2Fwp%2Fv2%2Fcomments&post=12499"}],"version-history":[{"count":1,"href":"https:\/\/www.egemtv.com\/index.php?rest_route=\/wp\/v2\/posts\/12499\/revisions"}],"predecessor-version":[{"id":12501,"href":"https:\/\/www.egemtv.com\/index.php?rest_route=\/wp\/v2\/posts\/12499\/revisions\/12501"}],"wp:featuredmedia":[{"embeddable":true,"href":"https:\/\/www.egemtv.com\/index.php?rest_route=\/wp\/v2\/media\/12500"}],"wp:attachment":[{"href":"https:\/\/www.egemtv.com\/index.php?rest_route=%2Fwp%2Fv2%2Fmedia&parent=12499"}],"wp:term":[{"taxonomy":"category","embeddable":true,"href":"https:\/\/www.egemtv.com\/index.php?rest_route=%2Fwp%2Fv2%2Fcategories&post=12499"},{"taxonomy":"post_tag","embeddable":true,"href":"https:\/\/www.egemtv.com\/index.php?rest_route=%2Fwp%2Fv2%2Ftags&post=12499"}],"curies":[{"name":"wp","href":"https:\/\/api.w.org\/{rel}","templated":true}]}}