{"id":12484,"date":"2025-01-26T10:25:46","date_gmt":"2025-01-26T07:25:46","guid":{"rendered":"https:\/\/www.egemtv.com\/?p=12484"},"modified":"2025-01-26T10:25:48","modified_gmt":"2025-01-26T07:25:48","slug":"datca-beyaz-gelinligini-giydi","status":"publish","type":"post","link":"https:\/\/www.egemtv.com\/?p=12484","title":{"rendered":"Dat\u00e7a beyaz gelinli\u011fini giydi"},"content":{"rendered":"<p>T\u00fcrkiye\u2019nin bir\u00e7ok b\u00f6lgesi so\u011fuk ve zorlu k\u0131\u015f \u015fartlar\u0131n\u0131 ya\u015farken, Akdeniz ile Ege\u2019nin birle\u015fti\u011fi Mu\u011fla\u2019n\u0131n Dat\u00e7a il\u00e7esinde erkenci Badem a\u011fa\u00e7lar\u0131 \u00e7i\u00e7ek a\u00e7arak \u015eubat ay\u0131 ortalar\u0131nda ilk \u00e7a\u011fla meyvesini vermeye ba\u015flayacak.<br \/>\n<br \/>Dat\u00e7a Palamutb\u00fck\u00fc Mahallesinde Ocak ay\u0131n\u0131n ortalar\u0131nda ba\u015flayan erkenci badem a\u011fa\u00e7lar\u0131ndaki \u00e7i\u00e7ek a\u00e7ma mevsimi \u015eubat ay\u0131 ortalar\u0131nda ilk meyvelerini vermeye ba\u015flayacak. T\u00fcrkiye\u2019de en erken \u00c7a\u011fla \u00fcr\u00fcn\u00fcn hasat edildi\u011fi Dat\u00e7a\u2019da dolu ve don olay\u0131 ya\u015fanmamas\u0131 durumunda bu y\u0131l \u00e7a\u011fla badem veriminin y\u00fcksek olaca\u011f\u0131 a\u00e7\u0131kland\u0131.<br \/>\n<br \/>Dat\u00e7a\u2019da \u00fcretici badem \u00fcreticisi Mehmet \u00d6zer, \u00e7i\u00e7ek a\u00e7an erkenci bademin \u015fu anki mevsim \u015fartlar\u0131 devam etti\u011fi s\u00fcrece rekoltede s\u0131k\u0131nt\u0131 ya\u015fanmayaca\u011f\u0131n\u0131 belirterek, \u201cBuras\u0131n\u0131n ikliminden dolay\u0131 10-12 dereceye d\u00fc\u015fmedi\u011fi i\u00e7in badem \u00e7i\u00e7ekleri erkenci de var, normal a\u00e7an da var. Onun i\u00e7in don ve dolu olmad\u0131\u011f\u0131 m\u00fcddet\u00e7e herhangi bir zarar\u0131 olmaz. Ya\u011fmur g\u00fczel ya\u011fd\u0131. Bu sene badem g\u00fczel olur\u201d dedi.<br \/><\/p>\n","protected":false},"excerpt":{"rendered":"<p>T\u00fcrkiye\u2019nin bir\u00e7ok b\u00f6lgesi so\u011fuk ve zorlu k\u0131\u015f \u015fartlar\u0131n\u0131 ya\u015farken, Akdeniz ile Ege\u2019nin birle\u015fti\u011fi Mu\u011fla\u2019n\u0131n Dat\u00e7a il\u00e7esinde erkenci Badem a\u011fa\u00e7lar\u0131 \u00e7i\u00e7ek a\u00e7arak \u015eubat ay\u0131 ortalar\u0131nda ilk \u00e7a\u011fla meyvesini vermeye ba\u015flayacak. Dat\u00e7a Palamutb\u00fck\u00fc Mahallesinde Ocak ay\u0131n\u0131n ortalar\u0131nda ba\u015flayan erkenci badem a\u011fa\u00e7lar\u0131ndaki \u00e7i\u00e7ek a\u00e7ma mevsimi \u015eubat ay\u0131 ortalar\u0131nda ilk meyvelerini vermeye ba\u015flayacak. T\u00fcrkiye\u2019de en erken \u00c7a\u011fla \u00fcr\u00fcn\u00fcn hasat&#8230;<\/p>\n","protected":false},"author":1,"featured_media":12485,"comment_status":"open","ping_status":"open","sticky":false,"template":"","format":"standard","meta":{"_crdt_document":"","footnotes":""},"categories":[1],"tags":[],"class_list":["post-12484","post","type-post","status-publish","format-standard","has-post-thumbnail","hentry","category-guncel"],"_links":{"self":[{"href":"https:\/\/www.egemtv.com\/index.php?rest_route=\/wp\/v2\/posts\/12484","targetHints":{"allow":["GET"]}}],"collection":[{"href":"https:\/\/www.egemtv.com\/index.php?rest_route=\/wp\/v2\/posts"}],"about":[{"href":"https:\/\/www.egemtv.com\/index.php?rest_route=\/wp\/v2\/types\/post"}],"author":[{"embeddable":true,"href":"https:\/\/www.egemtv.com\/index.php?rest_route=\/wp\/v2\/users\/1"}],"replies":[{"embeddable":true,"href":"https:\/\/www.egemtv.com\/index.php?rest_route=%2Fwp%2Fv2%2Fcomments&post=12484"}],"version-history":[{"count":1,"href":"https:\/\/www.egemtv.com\/index.php?rest_route=\/wp\/v2\/posts\/12484\/revisions"}],"predecessor-version":[{"id":12486,"href":"https:\/\/www.egemtv.com\/index.php?rest_route=\/wp\/v2\/posts\/12484\/revisions\/12486"}],"wp:featuredmedia":[{"embeddable":true,"href":"https:\/\/www.egemtv.com\/index.php?rest_route=\/wp\/v2\/media\/12485"}],"wp:attachment":[{"href":"https:\/\/www.egemtv.com\/index.php?rest_route=%2Fwp%2Fv2%2Fmedia&parent=12484"}],"wp:term":[{"taxonomy":"category","embeddable":true,"href":"https:\/\/www.egemtv.com\/index.php?rest_route=%2Fwp%2Fv2%2Fcategories&post=12484"},{"taxonomy":"post_tag","embeddable":true,"href":"https:\/\/www.egemtv.com\/index.php?rest_route=%2Fwp%2Fv2%2Ftags&post=12484"}],"curies":[{"name":"wp","href":"https:\/\/api.w.org\/{rel}","templated":true}]}}