{"id":12481,"date":"2025-01-26T10:21:58","date_gmt":"2025-01-26T07:21:58","guid":{"rendered":"https:\/\/www.egemtv.com\/?p=12481"},"modified":"2025-01-26T10:22:00","modified_gmt":"2025-01-26T07:22:00","slug":"cin-yeni-yili-izmirde-kulturel-solenle-kutlandi","status":"publish","type":"post","link":"https:\/\/www.egemtv.com\/?p=12481","title":{"rendered":"\u00c7in Yeni Y\u0131l\u0131 \u0130zmir\u2019de k\u00fclt\u00fcrel \u015f\u00f6lenle kutland\u0131"},"content":{"rendered":"<p>\u0130zmir, \u00fc\u00e7\u00fcnc\u00fc kez \u00c7in Yeni Y\u0131l\u0131 kutlamalar\u0131na ev sahipli\u011fi yapt\u0131. \u0130zmir B\u00fcy\u00fck\u015fehir Belediyesi, \u00c7in Halk Cumhuriyeti Ankara B\u00fcy\u00fckel\u00e7ili\u011fi ve \u0130zmir \u00c7inliler Yard\u0131mla\u015fma ve Dayan\u0131\u015fma Derne\u011fi i\u015f birli\u011fiyle d\u00fczenlenen etkinlikte, \u00c7in ve T\u00fcrkiye\u2019nin zengin k\u00fclt\u00fcrel miras\u0131 \u00f6ne \u00e7\u0131kt\u0131.<br \/>\n<br \/>\u0130zmir B\u00fcy\u00fck\u015fehir Belediyesi, \u00c7in Halk Cumhuriyeti Ankara B\u00fcy\u00fckel\u00e7ili\u011fi ve \u0130zmir \u00c7inliler Yard\u0131mla\u015fma ve Dayan\u0131\u015fma Derne\u011fi i\u015f birli\u011fiyle \u0130zmir \u00fc\u00e7\u00fcnc\u00fc kez \u00c7in Yeni Y\u0131l\u0131 kutlamalar\u0131na ev sahipli\u011fi yapt\u0131. Ahmed Adnan Saygun Sanat Merkezi\u2019nde ger\u00e7ekle\u015fen etkinlik, \u0130zmir B\u00fcy\u00fck\u015fehir Belediyesi Bandosu\u2019nun performans\u0131yla ba\u015flad\u0131. Etkinlikte, \u00c7in\u2019in geleneksel ve modern sanatlar\u0131n\u0131 yans\u0131tan g\u00f6steriler yer ald\u0131. Bu g\u00f6steriler aras\u0131nda Sichuan b\u00f6lgesine \u00f6zg\u00fc Kungfu \u00c7ay Seremonisi, zarafetiyle dikkat \u00e7eken Pipa\u2019n\u0131n Melodisi ve etkileyici \u00c7in G\u00f6lge Oyunu \u00f6ne \u00e7\u0131kt\u0131. \u0130zmir B\u00fcy\u00fck\u015fehir Belediyesi Dans ve Ritim Toplulu\u011fu\u2019nun sergiledi\u011fi renkli T\u00fcrk Halk Danslar\u0131 g\u00f6sterisi ise seyircilerden yo\u011fun alk\u0131\u015f ald\u0131. Etkinlik, \u00c7in ve T\u00fcrk k\u00fclt\u00fcr\u00fcn\u00fc bir araya getirerek sanat \u015f\u00f6leni sundu.<\/p>\n<p>Tezcan\u2019dan dostluk ve k\u00fclt\u00fcrel payla\u015f\u0131m vurgusu<br \/>\n<br \/>Programda, \u0130zmir \u00c7inliler Yard\u0131mla\u015fma ve Dayan\u0131\u015fma Derne\u011fi Ba\u015fkan\u0131 Ya\u011f\u0131z Vang, \u00c7in Halk Cumhuriyeti Ankara B\u00fcy\u00fckel\u00e7ili\u011fi K\u00fclt\u00fcr M\u00fc\u015fte\u015far\u0131 Meifen Zhou ve \u0130zmir B\u00fcy\u00fck\u015fehir Belediyesi Genel Sekreteri Ramazan Tezcan kutlamalara kat\u0131lanlara seslenerek \u00c7in Yeni Y\u0131l\u0131n\u0131 kutlad\u0131. Ayr\u0131ca, \u00c7in Halk Cumhuriyeti Ankara B\u00fcy\u00fckel\u00e7ili\u011fi M\u00fc\u015fte\u015far\u0131 Yong Wang ve D\u0131\u015fi\u015fleri Bakanl\u0131\u011f\u0131 \u0130zmir Temsilcili\u011fi\u2019nden AB Uzman\u0131 Volkan Kocag\u00fcl de etkinlikte yer ald\u0131.<br \/>\n<br \/>\u0130zmir B\u00fcy\u00fck\u015fehir Belediyesi Genel Sekreteri Ramazan Tezcan, etkinli\u011fin dostluk ve k\u00fclt\u00fcrel payla\u015f\u0131m\u0131 peki\u015ftirdi\u011fini ifade etti. Ramazan Tezcan, \u00c7in Halk Cumhuriyeti Ankara B\u00fcy\u00fckel\u00e7ili\u011fi K\u00fclt\u00fcr M\u00fc\u015fte\u015far\u0131 Meifen Zhou\u2019ya da g\u00fcm\u00fc\u015f r\u00f6lyef takdim etti. \u00c7in Halk Cumhuriyeti Ankara B\u00fcy\u00fckel\u00e7ili\u011fi K\u00fclt\u00fcr M\u00fc\u015fte\u015far\u0131 Meifen Zhou ise iki \u00fclke aras\u0131ndaki ili\u015fkilerin sanat ve k\u00fclt\u00fcr yoluyla derinle\u015fti\u011fine vurgu yapt\u0131.<\/p>\n<p>K\u00fclt\u00fcrel zenginlik ve yeni ba\u015flang\u0131\u00e7lar<br \/>\n<br \/>Etkinlik boyunca, \u00c7in Yeni Y\u0131l\u0131n\u0131n bar\u0131\u015f, sa\u011fl\u0131k ve mutluluk simgesi oldu\u011fu vurguland\u0131. Farkl\u0131 k\u00fclt\u00fcrlere duyulan sayg\u0131 ve sevgiyle yeni bir y\u0131la umutla ba\u015flama temalar\u0131 i\u015flendi. \u0130zmir halk\u0131, bu \u00f6zel etkinlikle \u00c7in k\u00fclt\u00fcr\u00fcn\u00fc derinlemesine tan\u0131ma ve payla\u015fma f\u0131rsat\u0131 buldu.<br \/>\n<br \/>Ayr\u0131ca, \u0130zmir\u2019in \u00c7in ile olan karde\u015f \u015fehir ili\u015fkilerine dikkat \u00e7ekildi. \u00c7in Halk Cumhuriyeti\u2019nden Tianjin, Wuhan, Xiamen ve Chengdu \u015fehirleri \u0130zmir\u2019in karde\u015f \u015fehri. Bunun yan\u0131 s\u0131ra, Nanjing, Gansu ve Foshan ile de karde\u015f \u015fehir olma s\u00fcreci devam ediyor.<br \/><\/p>\n","protected":false},"excerpt":{"rendered":"<p>\u0130zmir, \u00fc\u00e7\u00fcnc\u00fc kez \u00c7in Yeni Y\u0131l\u0131 kutlamalar\u0131na ev sahipli\u011fi yapt\u0131. \u0130zmir B\u00fcy\u00fck\u015fehir Belediyesi, \u00c7in Halk Cumhuriyeti Ankara B\u00fcy\u00fckel\u00e7ili\u011fi ve \u0130zmir \u00c7inliler Yard\u0131mla\u015fma ve Dayan\u0131\u015fma Derne\u011fi i\u015f birli\u011fiyle d\u00fczenlenen etkinlikte, \u00c7in ve T\u00fcrkiye\u2019nin zengin k\u00fclt\u00fcrel miras\u0131 \u00f6ne \u00e7\u0131kt\u0131. \u0130zmir B\u00fcy\u00fck\u015fehir Belediyesi, \u00c7in Halk Cumhuriyeti Ankara B\u00fcy\u00fckel\u00e7ili\u011fi ve \u0130zmir \u00c7inliler Yard\u0131mla\u015fma ve Dayan\u0131\u015fma Derne\u011fi i\u015f birli\u011fiyle \u0130zmir&#8230;<\/p>\n","protected":false},"author":1,"featured_media":12482,"comment_status":"open","ping_status":"open","sticky":false,"template":"","format":"standard","meta":{"_crdt_document":"","footnotes":""},"categories":[1],"tags":[],"class_list":["post-12481","post","type-post","status-publish","format-standard","has-post-thumbnail","hentry","category-guncel"],"_links":{"self":[{"href":"https:\/\/www.egemtv.com\/index.php?rest_route=\/wp\/v2\/posts\/12481","targetHints":{"allow":["GET"]}}],"collection":[{"href":"https:\/\/www.egemtv.com\/index.php?rest_route=\/wp\/v2\/posts"}],"about":[{"href":"https:\/\/www.egemtv.com\/index.php?rest_route=\/wp\/v2\/types\/post"}],"author":[{"embeddable":true,"href":"https:\/\/www.egemtv.com\/index.php?rest_route=\/wp\/v2\/users\/1"}],"replies":[{"embeddable":true,"href":"https:\/\/www.egemtv.com\/index.php?rest_route=%2Fwp%2Fv2%2Fcomments&post=12481"}],"version-history":[{"count":1,"href":"https:\/\/www.egemtv.com\/index.php?rest_route=\/wp\/v2\/posts\/12481\/revisions"}],"predecessor-version":[{"id":12483,"href":"https:\/\/www.egemtv.com\/index.php?rest_route=\/wp\/v2\/posts\/12481\/revisions\/12483"}],"wp:featuredmedia":[{"embeddable":true,"href":"https:\/\/www.egemtv.com\/index.php?rest_route=\/wp\/v2\/media\/12482"}],"wp:attachment":[{"href":"https:\/\/www.egemtv.com\/index.php?rest_route=%2Fwp%2Fv2%2Fmedia&parent=12481"}],"wp:term":[{"taxonomy":"category","embeddable":true,"href":"https:\/\/www.egemtv.com\/index.php?rest_route=%2Fwp%2Fv2%2Fcategories&post=12481"},{"taxonomy":"post_tag","embeddable":true,"href":"https:\/\/www.egemtv.com\/index.php?rest_route=%2Fwp%2Fv2%2Ftags&post=12481"}],"curies":[{"name":"wp","href":"https:\/\/api.w.org\/{rel}","templated":true}]}}