{"id":12442,"date":"2025-01-25T19:13:09","date_gmt":"2025-01-25T16:13:09","guid":{"rendered":"https:\/\/www.egemtv.com\/?p=12442"},"modified":"2025-01-25T19:13:11","modified_gmt":"2025-01-25T16:13:11","slug":"aydin-astim-osbde-14-yeni-yatirimciyla-15-milyar-tllik-yatirim-plani","status":"publish","type":"post","link":"https:\/\/www.egemtv.com\/?p=12442","title":{"rendered":"Ayd\u0131n AST\u0130M OSB\u2019de 14 yeni yat\u0131r\u0131mc\u0131yla 1,5 Milyar TL\u2019lik yat\u0131r\u0131m plan\u0131"},"content":{"rendered":"<p>Ayd\u0131n AST\u0130M Organize Sanayi B\u00f6lgesi (OSB) 2023 ve 2024 y\u0131llar\u0131nda 160 bin metrekarelik yeni arsa tahsisleriyle dikkat \u00e7ekerken toplamda 14 yeni yat\u0131r\u0131mc\u0131 firman\u0131n temsilcileriyle bir araya gelerek yap\u0131lan tahsislerle ilgili isti\u015farelerde bulunuldu.<\/p>\n<p>Ayd\u0131n AST\u0130M OSB Y\u00f6netim Kurulu Ba\u015fkan\u0131 G\u00f6khan Mara\u015f\u2019\u0131n ba\u015fkanl\u0131\u011f\u0131nda d\u00fczenlenen toplant\u0131ya, Ba\u015fkan Vekili Mustafa \u00d6zdemir, B\u00f6lge M\u00fcd\u00fcr\u00fc Erdem Bilgili ve \u0130mar \u0130\u015fleri Sorumlusu Ali Baysan da kat\u0131ld\u0131. Toplant\u0131da, 2024 y\u0131l\u0131nda ba\u015flat\u0131lan altyap\u0131 yat\u0131r\u0131mlar\u0131, 2025 y\u0131l\u0131 i\u00e7in planlanan yeni altyap\u0131 ve \u00e7evre d\u00fczeni projeleri, OSB mevzuatlar\u0131 ve yat\u0131r\u0131m ruhsat s\u00fcre\u00e7leri hakk\u0131nda detayl\u0131 bilgilendirme yap\u0131ld\u0131.<\/p>\n<p>2025 y\u0131l\u0131 i\u00e7inde in\u015fa edilmesi planlanan fabrikalar\u0131n 2026-2027 y\u0131llar\u0131nda tamamlanarak \u00fcretime ge\u00e7mesi beklenirken, yeni yat\u0131r\u0131mlar\u0131n toplamda 1,5 milyar TL sabit yat\u0131r\u0131m gerektirece\u011fi, \u00fcretime ge\u00e7tikten sonra y\u0131ll\u0131k ticaret hacminin 4 milyar TL\u2019yi bulaca\u011f\u0131 ve bin ki\u015fiye istihdam sa\u011flayaca\u011f\u0131 \u00f6ng\u00f6r\u00fcl\u00fcyor. Ayd\u0131n\u2019\u0131n ekonomik kalk\u0131nmas\u0131na b\u00fcy\u00fck katk\u0131 sa\u011flayacak bu yeni projelerin, b\u00f6lge ve \u00fclke ekonomisine \u00f6nemli katk\u0131lar yapmas\u0131 bekleniyor. AST\u0130M OSB, yeni yat\u0131r\u0131mlar\u0131n 2025-2027 d\u00f6nemiyle birlikte h\u0131zla b\u00fcy\u00fcmeyi hedefliyor.<\/p>\n<p>Konuyla ilgili Ayd\u0131n AST\u0130M OSB Y\u00f6netim Kurulu Ba\u015fkan\u0131 G\u00f6khan Mara\u015f, &#8220;\u00d6n\u00fcm\u00fczdeki 2 y\u0131ll\u0131k d\u00f6nemde ger\u00e7ekle\u015fecek yeni fabrika yat\u0131r\u0131mlar\u0131n\u0131n ilimiz ve \u00fclkemiz ad\u0131na hay\u0131rl\u0131 olmas\u0131n\u0131 dileriz&#8221; ifadelerini kulland\u0131.<br \/><\/p>\n","protected":false},"excerpt":{"rendered":"<p>Ayd\u0131n AST\u0130M Organize Sanayi B\u00f6lgesi (OSB) 2023 ve 2024 y\u0131llar\u0131nda 160 bin metrekarelik yeni arsa tahsisleriyle dikkat \u00e7ekerken toplamda 14 yeni yat\u0131r\u0131mc\u0131 firman\u0131n temsilcileriyle bir araya gelerek yap\u0131lan tahsislerle ilgili isti\u015farelerde bulunuldu. Ayd\u0131n AST\u0130M OSB Y\u00f6netim Kurulu Ba\u015fkan\u0131 G\u00f6khan Mara\u015f\u2019\u0131n ba\u015fkanl\u0131\u011f\u0131nda d\u00fczenlenen toplant\u0131ya, Ba\u015fkan Vekili Mustafa \u00d6zdemir, B\u00f6lge M\u00fcd\u00fcr\u00fc Erdem Bilgili ve \u0130mar \u0130\u015fleri Sorumlusu&#8230;<\/p>\n","protected":false},"author":1,"featured_media":12443,"comment_status":"open","ping_status":"open","sticky":false,"template":"","format":"standard","meta":{"_crdt_document":"","footnotes":""},"categories":[125],"tags":[],"class_list":["post-12442","post","type-post","status-publish","format-standard","has-post-thumbnail","hentry","category-ekonomi"],"_links":{"self":[{"href":"https:\/\/www.egemtv.com\/index.php?rest_route=\/wp\/v2\/posts\/12442","targetHints":{"allow":["GET"]}}],"collection":[{"href":"https:\/\/www.egemtv.com\/index.php?rest_route=\/wp\/v2\/posts"}],"about":[{"href":"https:\/\/www.egemtv.com\/index.php?rest_route=\/wp\/v2\/types\/post"}],"author":[{"embeddable":true,"href":"https:\/\/www.egemtv.com\/index.php?rest_route=\/wp\/v2\/users\/1"}],"replies":[{"embeddable":true,"href":"https:\/\/www.egemtv.com\/index.php?rest_route=%2Fwp%2Fv2%2Fcomments&post=12442"}],"version-history":[{"count":1,"href":"https:\/\/www.egemtv.com\/index.php?rest_route=\/wp\/v2\/posts\/12442\/revisions"}],"predecessor-version":[{"id":12444,"href":"https:\/\/www.egemtv.com\/index.php?rest_route=\/wp\/v2\/posts\/12442\/revisions\/12444"}],"wp:featuredmedia":[{"embeddable":true,"href":"https:\/\/www.egemtv.com\/index.php?rest_route=\/wp\/v2\/media\/12443"}],"wp:attachment":[{"href":"https:\/\/www.egemtv.com\/index.php?rest_route=%2Fwp%2Fv2%2Fmedia&parent=12442"}],"wp:term":[{"taxonomy":"category","embeddable":true,"href":"https:\/\/www.egemtv.com\/index.php?rest_route=%2Fwp%2Fv2%2Fcategories&post=12442"},{"taxonomy":"post_tag","embeddable":true,"href":"https:\/\/www.egemtv.com\/index.php?rest_route=%2Fwp%2Fv2%2Ftags&post=12442"}],"curies":[{"name":"wp","href":"https:\/\/api.w.org\/{rel}","templated":true}]}}