{"id":12439,"date":"2025-01-25T18:55:01","date_gmt":"2025-01-25T15:55:01","guid":{"rendered":"https:\/\/www.egemtv.com\/?p=12439"},"modified":"2025-01-25T18:55:02","modified_gmt":"2025-01-25T15:55:02","slug":"burak-goren-macin-gidisatini-degistirecek-enerjiyi-bulamadik","status":"publish","type":"post","link":"https:\/\/www.egemtv.com\/?p=12439","title":{"rendered":"Burak G\u00f6ren: &#8220;Ma\u00e7\u0131n gidi\u015fat\u0131n\u0131 de\u011fi\u015ftirecek enerjiyi bulamad\u0131k&#8221;"},"content":{"rendered":"<p>Alia\u011fa Petkimspor Ba\u015fantren\u00f6r\u00fc Burak G\u00f6ren Dar\u00fc\u015f\u015fafaka ma\u011flubiyetin ard\u0131ndan, \u201cMa\u00e7\u0131n gidi\u015fat\u0131n\u0131 de\u011fi\u015ftirecek enerjiyi bulamad\u0131k&#8221; dedi.<br \/>\n<br \/>T\u00fcrkiye Sigorta Basketbol S\u00fcper Ligi\u2019nin 16. haftas\u0131nda deplasmanda \u0130stanbul temsilcisi Dar\u00fc\u015f\u015fafaka\u2019ya 83-64 ma\u011flup olan Alia\u011fa Petkimspor\u2019da Ba\u015fantren\u00f6r Burak G\u00f6ren, kar\u015f\u0131la\u015fman\u0131n ard\u0131ndan a\u00e7\u0131klamada bulundu. G\u00f6ren,\u201d Ma\u00e7\u0131n tamam\u0131nda enerjimiz ve oyun konsantrasyonumuz \u00e7ok d\u00fc\u015f\u00fckt\u00fc. Ma\u00e7\u0131n gidi\u015fat\u0131n\u0131 de\u011fi\u015ftirecek enerjiyi bulamad\u0131k. Hakl\u0131 galibiyetlerinden dolay\u0131 Dar\u00fc\u015f\u015fafaka\u2019y\u0131 tebrik ederim\u201d ifadelerini kulland\u0131.<br \/><\/p>\n","protected":false},"excerpt":{"rendered":"<p>Alia\u011fa Petkimspor Ba\u015fantren\u00f6r\u00fc Burak G\u00f6ren Dar\u00fc\u015f\u015fafaka ma\u011flubiyetin ard\u0131ndan, \u201cMa\u00e7\u0131n gidi\u015fat\u0131n\u0131 de\u011fi\u015ftirecek enerjiyi bulamad\u0131k&#8221; dedi. T\u00fcrkiye Sigorta Basketbol S\u00fcper Ligi\u2019nin 16. haftas\u0131nda deplasmanda \u0130stanbul temsilcisi Dar\u00fc\u015f\u015fafaka\u2019ya 83-64 ma\u011flup olan Alia\u011fa Petkimspor\u2019da Ba\u015fantren\u00f6r Burak G\u00f6ren, kar\u015f\u0131la\u015fman\u0131n ard\u0131ndan a\u00e7\u0131klamada bulundu. G\u00f6ren,\u201d Ma\u00e7\u0131n tamam\u0131nda enerjimiz ve oyun konsantrasyonumuz \u00e7ok d\u00fc\u015f\u00fckt\u00fc. Ma\u00e7\u0131n gidi\u015fat\u0131n\u0131 de\u011fi\u015ftirecek enerjiyi bulamad\u0131k. Hakl\u0131 galibiyetlerinden dolay\u0131 Dar\u00fc\u015f\u015fafaka\u2019y\u0131&#8230;<\/p>\n","protected":false},"author":1,"featured_media":12440,"comment_status":"open","ping_status":"open","sticky":false,"template":"","format":"standard","meta":{"_crdt_document":"","footnotes":""},"categories":[4],"tags":[],"class_list":["post-12439","post","type-post","status-publish","format-standard","has-post-thumbnail","hentry","category-spor"],"_links":{"self":[{"href":"https:\/\/www.egemtv.com\/index.php?rest_route=\/wp\/v2\/posts\/12439","targetHints":{"allow":["GET"]}}],"collection":[{"href":"https:\/\/www.egemtv.com\/index.php?rest_route=\/wp\/v2\/posts"}],"about":[{"href":"https:\/\/www.egemtv.com\/index.php?rest_route=\/wp\/v2\/types\/post"}],"author":[{"embeddable":true,"href":"https:\/\/www.egemtv.com\/index.php?rest_route=\/wp\/v2\/users\/1"}],"replies":[{"embeddable":true,"href":"https:\/\/www.egemtv.com\/index.php?rest_route=%2Fwp%2Fv2%2Fcomments&post=12439"}],"version-history":[{"count":1,"href":"https:\/\/www.egemtv.com\/index.php?rest_route=\/wp\/v2\/posts\/12439\/revisions"}],"predecessor-version":[{"id":12441,"href":"https:\/\/www.egemtv.com\/index.php?rest_route=\/wp\/v2\/posts\/12439\/revisions\/12441"}],"wp:featuredmedia":[{"embeddable":true,"href":"https:\/\/www.egemtv.com\/index.php?rest_route=\/wp\/v2\/media\/12440"}],"wp:attachment":[{"href":"https:\/\/www.egemtv.com\/index.php?rest_route=%2Fwp%2Fv2%2Fmedia&parent=12439"}],"wp:term":[{"taxonomy":"category","embeddable":true,"href":"https:\/\/www.egemtv.com\/index.php?rest_route=%2Fwp%2Fv2%2Fcategories&post=12439"},{"taxonomy":"post_tag","embeddable":true,"href":"https:\/\/www.egemtv.com\/index.php?rest_route=%2Fwp%2Fv2%2Ftags&post=12439"}],"curies":[{"name":"wp","href":"https:\/\/api.w.org\/{rel}","templated":true}]}}