{"id":12433,"date":"2025-01-25T18:07:20","date_gmt":"2025-01-25T15:07:20","guid":{"rendered":"https:\/\/www.egemtv.com\/?p=12433"},"modified":"2025-01-25T18:07:22","modified_gmt":"2025-01-25T15:07:22","slug":"kutahyada-duzenlenen-isitme-engelliler-erkekler-futsal-turkiye-sampiyonasi-sona-erdi","status":"publish","type":"post","link":"https:\/\/www.egemtv.com\/?p=12433","title":{"rendered":"K\u00fctahya\u2019da d\u00fczenlenen \u0130\u015fitme Engelliler Erkekler Futsal T\u00fcrkiye \u015eampiyonas\u0131 sona erdi"},"content":{"rendered":"<p>K\u00fctahya\u2019da d\u00fczenlenen \u0130\u015fitme Engelliler Erkekler Futsal T\u00fcrkiye \u015eampiyonas\u0131\u2019nda \u0130stanbul Sezsizler Spor Kul\u00fcb\u00fc, \u015fampiyon oldu<br \/>\n<br \/>K\u00fctahya, \u0130\u015fitme Engelliler Erkekler Futsal T\u00fcrkiye \u015eampiyonas\u0131\u2019na ev sahipli\u011fi yapt\u0131. B\u00fcy\u00fck bir heyecanla ge\u00e7en organizasyon, sporseverlerden yo\u011fun ilgi g\u00f6rd\u00fc. Final ma\u00e7\u0131 ve \u00f6d\u00fcl t\u00f6renine K\u00fctahya Vali Vekili Burhanettin Yava\u015fi, \u0130\u015fitme Engelliler Federasyonu Ba\u015fkan\u0131 Dursun G\u00f6zel, AK Parti K\u00fctahya \u0130l Ba\u015fkan\u0131 Ceyda \u00c7etin Erenler, \u0130\u015fitme Engelliler Federasyonu Genel Sekreteri \u0130hsan Alptekin, K\u00fctahya \u0130l \u00d6zel \u0130daresi Genel Sekreteri M\u00fccahit Eracar, AK Parti K\u00fctahya Merkez \u0130l\u00e7e Ba\u015fkan\u0131 Murat Af\u015far\u00fcnal ve Belediye K\u00fctahya Spor Asba\u015fkan\u0131 Ferhat Tak kat\u0131ld\u0131.<br \/>\n<br \/>\u015eampiyonan\u0131n finalinde rakiplerini geride b\u0131rakan \u0130stanbul Sessizler Spor Kul\u00fcb\u00fc, turnuvay\u0131 \u015fampiyon olarak tamamlad\u0131. M\u00fcsabakalar\u0131n ard\u0131ndan d\u00fczenlenen \u00f6d\u00fcl t\u00f6reninde dereceye giren tak\u0131mlar ve sporcular tebrik edildi.<br \/>\n<br \/>Gen\u00e7lik ve Spor \u0130l M\u00fcd\u00fcr\u00fc B\u00fclent K\u00fc\u00e7\u00fck, sporun engelleri a\u015fmadaki g\u00fcc\u00fcne vurgu yaparak, gelecekte benzer organizasyonlara ev sahipli\u011fi yapmaya devam edeceklerini belirtti.<br \/>\n<br \/>6 g\u00fcn s\u00fcren m\u00fcsabakalara Bal\u0131kesir, Eski\u015fehir, \u0130zmit, \u0130stanbul, Bursa, K\u0131r\u015fehir, Ankara, Erzurum, Manisa, Sivas, Ad\u0131yaman ve K\u00fctahya\u2019dan 16 tak\u0131m kat\u0131lm\u0131\u015f ve k\u0131ran k\u0131rana ge\u00e7en m\u00fccadeleleri sahne olmu\u015ftu.<br \/><\/p>\n","protected":false},"excerpt":{"rendered":"<p>K\u00fctahya\u2019da d\u00fczenlenen \u0130\u015fitme Engelliler Erkekler Futsal T\u00fcrkiye \u015eampiyonas\u0131\u2019nda \u0130stanbul Sezsizler Spor Kul\u00fcb\u00fc, \u015fampiyon oldu K\u00fctahya, \u0130\u015fitme Engelliler Erkekler Futsal T\u00fcrkiye \u015eampiyonas\u0131\u2019na ev sahipli\u011fi yapt\u0131. B\u00fcy\u00fck bir heyecanla ge\u00e7en organizasyon, sporseverlerden yo\u011fun ilgi g\u00f6rd\u00fc. Final ma\u00e7\u0131 ve \u00f6d\u00fcl t\u00f6renine K\u00fctahya Vali Vekili Burhanettin Yava\u015fi, \u0130\u015fitme Engelliler Federasyonu Ba\u015fkan\u0131 Dursun G\u00f6zel, AK Parti K\u00fctahya \u0130l Ba\u015fkan\u0131 Ceyda&#8230;<\/p>\n","protected":false},"author":1,"featured_media":12434,"comment_status":"open","ping_status":"open","sticky":false,"template":"","format":"standard","meta":{"_crdt_document":"","footnotes":""},"categories":[4],"tags":[],"class_list":["post-12433","post","type-post","status-publish","format-standard","has-post-thumbnail","hentry","category-spor"],"_links":{"self":[{"href":"https:\/\/www.egemtv.com\/index.php?rest_route=\/wp\/v2\/posts\/12433","targetHints":{"allow":["GET"]}}],"collection":[{"href":"https:\/\/www.egemtv.com\/index.php?rest_route=\/wp\/v2\/posts"}],"about":[{"href":"https:\/\/www.egemtv.com\/index.php?rest_route=\/wp\/v2\/types\/post"}],"author":[{"embeddable":true,"href":"https:\/\/www.egemtv.com\/index.php?rest_route=\/wp\/v2\/users\/1"}],"replies":[{"embeddable":true,"href":"https:\/\/www.egemtv.com\/index.php?rest_route=%2Fwp%2Fv2%2Fcomments&post=12433"}],"version-history":[{"count":1,"href":"https:\/\/www.egemtv.com\/index.php?rest_route=\/wp\/v2\/posts\/12433\/revisions"}],"predecessor-version":[{"id":12435,"href":"https:\/\/www.egemtv.com\/index.php?rest_route=\/wp\/v2\/posts\/12433\/revisions\/12435"}],"wp:featuredmedia":[{"embeddable":true,"href":"https:\/\/www.egemtv.com\/index.php?rest_route=\/wp\/v2\/media\/12434"}],"wp:attachment":[{"href":"https:\/\/www.egemtv.com\/index.php?rest_route=%2Fwp%2Fv2%2Fmedia&parent=12433"}],"wp:term":[{"taxonomy":"category","embeddable":true,"href":"https:\/\/www.egemtv.com\/index.php?rest_route=%2Fwp%2Fv2%2Fcategories&post=12433"},{"taxonomy":"post_tag","embeddable":true,"href":"https:\/\/www.egemtv.com\/index.php?rest_route=%2Fwp%2Fv2%2Ftags&post=12433"}],"curies":[{"name":"wp","href":"https:\/\/api.w.org\/{rel}","templated":true}]}}