{"id":12430,"date":"2025-01-25T18:07:17","date_gmt":"2025-01-25T15:07:17","guid":{"rendered":"https:\/\/www.egemtv.com\/?p=12430"},"modified":"2025-01-25T18:07:19","modified_gmt":"2025-01-25T15:07:19","slug":"kutahya-il-emniyet-muduru-osman-elbirden-bitebessum-down-cafeye-anlamli-ziyaret","status":"publish","type":"post","link":"https:\/\/www.egemtv.com\/?p=12430","title":{"rendered":"K\u00fctahya \u0130l Emniyet M\u00fcd\u00fcr\u00fc Osman Elbir\u2019den &#8220;Bi\u2019Tebess\u00fcm Down Cafe&#8221;ye anlaml\u0131 ziyaret"},"content":{"rendered":"<p>K\u00fctahya \u0130l Emniyet M\u00fcd\u00fcr\u00fc Osman Elbir ve e\u015fi P\u0131nar Elbir, down sendromlu bireylerin topluma entegrasyonuna katk\u0131 sa\u011flamak amac\u0131yla kurulan Bi\u2019Tebess\u00fcm Down Cafe\u2019yi ziyaret etti.<br \/>\n<br \/>K\u00fctahya \u00d6zel E\u011fitim ve Down Sendromlular Derne\u011fi\u2019ne ba\u011fl\u0131 olarak faaliyet g\u00f6steren kafe, \u00f6zel bireylerin i\u015f ve ya\u015fam tecr\u00fcbelerini geli\u015ftirmelerine yard\u0131mc\u0131 olurken, onlar\u0131n aileleri i\u00e7in de bir bulu\u015fma noktas\u0131 olma \u00f6zelli\u011fi ta\u015f\u0131yor.<br \/>\n<br \/>Ziyaret s\u0131ras\u0131nda \u0130l Emniyet M\u00fcd\u00fcr\u00fc Osman Elbir ve e\u015fi, down sendromlu bireyler ve aileleriyle sohbet etti. Ayr\u0131ca \u00f6zel bireylerin at\u00f6lye \u00e7al\u0131\u015fmalar\u0131n\u0131 ve \u00fcretim s\u00fcre\u00e7lerini inceleyerek onlarla keyifli vakit ge\u00e7irdi.<br \/>\n<br \/>K\u00fctahya Emniyet M\u00fcd\u00fcrl\u00fc\u011f\u00fc, sevgi ve d\u00fcr\u00fcstl\u00fc\u011f\u00fcn simgesi olan \u00f6zel bireylerin toplumda hak ettikleri de\u011feri g\u00f6rmesi i\u00e7in fark\u0131ndal\u0131k olu\u015fturmaya devam edeceklerini belirtti.<br \/><\/p>\n","protected":false},"excerpt":{"rendered":"<p>K\u00fctahya \u0130l Emniyet M\u00fcd\u00fcr\u00fc Osman Elbir ve e\u015fi P\u0131nar Elbir, down sendromlu bireylerin topluma entegrasyonuna katk\u0131 sa\u011flamak amac\u0131yla kurulan Bi\u2019Tebess\u00fcm Down Cafe\u2019yi ziyaret etti. K\u00fctahya \u00d6zel E\u011fitim ve Down Sendromlular Derne\u011fi\u2019ne ba\u011fl\u0131 olarak faaliyet g\u00f6steren kafe, \u00f6zel bireylerin i\u015f ve ya\u015fam tecr\u00fcbelerini geli\u015ftirmelerine yard\u0131mc\u0131 olurken, onlar\u0131n aileleri i\u00e7in de bir bulu\u015fma noktas\u0131 olma \u00f6zelli\u011fi ta\u015f\u0131yor&#8230;.<\/p>\n","protected":false},"author":1,"featured_media":12431,"comment_status":"open","ping_status":"open","sticky":false,"template":"","format":"standard","meta":{"_crdt_document":"","footnotes":""},"categories":[123],"tags":[],"class_list":["post-12430","post","type-post","status-publish","format-standard","has-post-thumbnail","hentry","category-gundem"],"_links":{"self":[{"href":"https:\/\/www.egemtv.com\/index.php?rest_route=\/wp\/v2\/posts\/12430","targetHints":{"allow":["GET"]}}],"collection":[{"href":"https:\/\/www.egemtv.com\/index.php?rest_route=\/wp\/v2\/posts"}],"about":[{"href":"https:\/\/www.egemtv.com\/index.php?rest_route=\/wp\/v2\/types\/post"}],"author":[{"embeddable":true,"href":"https:\/\/www.egemtv.com\/index.php?rest_route=\/wp\/v2\/users\/1"}],"replies":[{"embeddable":true,"href":"https:\/\/www.egemtv.com\/index.php?rest_route=%2Fwp%2Fv2%2Fcomments&post=12430"}],"version-history":[{"count":1,"href":"https:\/\/www.egemtv.com\/index.php?rest_route=\/wp\/v2\/posts\/12430\/revisions"}],"predecessor-version":[{"id":12432,"href":"https:\/\/www.egemtv.com\/index.php?rest_route=\/wp\/v2\/posts\/12430\/revisions\/12432"}],"wp:featuredmedia":[{"embeddable":true,"href":"https:\/\/www.egemtv.com\/index.php?rest_route=\/wp\/v2\/media\/12431"}],"wp:attachment":[{"href":"https:\/\/www.egemtv.com\/index.php?rest_route=%2Fwp%2Fv2%2Fmedia&parent=12430"}],"wp:term":[{"taxonomy":"category","embeddable":true,"href":"https:\/\/www.egemtv.com\/index.php?rest_route=%2Fwp%2Fv2%2Fcategories&post=12430"},{"taxonomy":"post_tag","embeddable":true,"href":"https:\/\/www.egemtv.com\/index.php?rest_route=%2Fwp%2Fv2%2Ftags&post=12430"}],"curies":[{"name":"wp","href":"https:\/\/api.w.org\/{rel}","templated":true}]}}