{"id":12376,"date":"2025-01-25T15:05:54","date_gmt":"2025-01-25T12:05:54","guid":{"rendered":"https:\/\/www.egemtv.com\/?p=12376"},"modified":"2025-01-25T15:05:58","modified_gmt":"2025-01-25T12:05:58","slug":"didim-belediyesinden-yangin-guvenligi-denetimi","status":"publish","type":"post","link":"https:\/\/www.egemtv.com\/?p=12376","title":{"rendered":"Didim Belediyesi\u2019nden yang\u0131n g\u00fcvenli\u011fi denetimi"},"content":{"rendered":"<p>Didim Belediyesi, kentteki i\u015fletmelerde yang\u0131n g\u00fcvenli\u011fi denetimi ger\u00e7ekle\u015ftirdi.<br \/>\n<br \/>Ayd\u0131n\u2019\u0131n Didim il\u00e7esinde belediye ekipleri, i\u015fletmelerin yang\u0131n s\u00f6nd\u00fcrme t\u00fcplerinin uygunlu\u011funu, bulunurlu\u011funu ve son kullanma tarihlerinin ge\u00e7ip ge\u00e7medi\u011fini kontrol etti. Yap\u0131lan kapsaml\u0131 incelemeler sonucunda, yang\u0131n g\u00fcvenli\u011fi standartlar\u0131na uymayan i\u015fletmeler tespit edilerek gerekli uyar\u0131lar yap\u0131ld\u0131. Ayr\u0131ca, kurallara uymayan i\u015fletmelere cezai i\u015flem uyguland\u0131. Didim Belediyesi\u2019nden yap\u0131lan a\u00e7\u0131klamada, &#8220;Halk\u0131m\u0131z\u0131n can ve mal g\u00fcvenli\u011fi her zaman \u00f6nceli\u011fimizdir. Yang\u0131n g\u00fcvenli\u011fini sa\u011flamak ad\u0131na denetimlerimizi d\u00fczenli olarak s\u00fcrd\u00fcrece\u011fiz&#8221; ifadelerine yer verildi.<br \/><\/p>\n","protected":false},"excerpt":{"rendered":"<p>Didim Belediyesi, kentteki i\u015fletmelerde yang\u0131n g\u00fcvenli\u011fi denetimi ger\u00e7ekle\u015ftirdi. Ayd\u0131n\u2019\u0131n Didim il\u00e7esinde belediye ekipleri, i\u015fletmelerin yang\u0131n s\u00f6nd\u00fcrme t\u00fcplerinin uygunlu\u011funu, bulunurlu\u011funu ve son kullanma tarihlerinin ge\u00e7ip ge\u00e7medi\u011fini kontrol etti. Yap\u0131lan kapsaml\u0131 incelemeler sonucunda, yang\u0131n g\u00fcvenli\u011fi standartlar\u0131na uymayan i\u015fletmeler tespit edilerek gerekli uyar\u0131lar yap\u0131ld\u0131. Ayr\u0131ca, kurallara uymayan i\u015fletmelere cezai i\u015flem uyguland\u0131. Didim Belediyesi\u2019nden yap\u0131lan a\u00e7\u0131klamada, &#8220;Halk\u0131m\u0131z\u0131n can ve&#8230;<\/p>\n","protected":false},"author":1,"featured_media":12377,"comment_status":"open","ping_status":"open","sticky":false,"template":"","format":"standard","meta":{"_crdt_document":"","footnotes":""},"categories":[1],"tags":[],"class_list":["post-12376","post","type-post","status-publish","format-standard","has-post-thumbnail","hentry","category-guncel"],"_links":{"self":[{"href":"https:\/\/www.egemtv.com\/index.php?rest_route=\/wp\/v2\/posts\/12376","targetHints":{"allow":["GET"]}}],"collection":[{"href":"https:\/\/www.egemtv.com\/index.php?rest_route=\/wp\/v2\/posts"}],"about":[{"href":"https:\/\/www.egemtv.com\/index.php?rest_route=\/wp\/v2\/types\/post"}],"author":[{"embeddable":true,"href":"https:\/\/www.egemtv.com\/index.php?rest_route=\/wp\/v2\/users\/1"}],"replies":[{"embeddable":true,"href":"https:\/\/www.egemtv.com\/index.php?rest_route=%2Fwp%2Fv2%2Fcomments&post=12376"}],"version-history":[{"count":1,"href":"https:\/\/www.egemtv.com\/index.php?rest_route=\/wp\/v2\/posts\/12376\/revisions"}],"predecessor-version":[{"id":12378,"href":"https:\/\/www.egemtv.com\/index.php?rest_route=\/wp\/v2\/posts\/12376\/revisions\/12378"}],"wp:featuredmedia":[{"embeddable":true,"href":"https:\/\/www.egemtv.com\/index.php?rest_route=\/wp\/v2\/media\/12377"}],"wp:attachment":[{"href":"https:\/\/www.egemtv.com\/index.php?rest_route=%2Fwp%2Fv2%2Fmedia&parent=12376"}],"wp:term":[{"taxonomy":"category","embeddable":true,"href":"https:\/\/www.egemtv.com\/index.php?rest_route=%2Fwp%2Fv2%2Fcategories&post=12376"},{"taxonomy":"post_tag","embeddable":true,"href":"https:\/\/www.egemtv.com\/index.php?rest_route=%2Fwp%2Fv2%2Ftags&post=12376"}],"curies":[{"name":"wp","href":"https:\/\/api.w.org\/{rel}","templated":true}]}}