{"id":12373,"date":"2025-01-25T15:05:51","date_gmt":"2025-01-25T12:05:51","guid":{"rendered":"https:\/\/www.egemtv.com\/?p=12373"},"modified":"2025-01-25T15:05:53","modified_gmt":"2025-01-25T12:05:53","slug":"bayrakli-belediyesi-ugur-mumcuyu-andi","status":"publish","type":"post","link":"https:\/\/www.egemtv.com\/?p=12373","title":{"rendered":"Bayrakl\u0131 Belediyesi, U\u011fur Mumcu\u2019yu and\u0131"},"content":{"rendered":"<p>Bayrakl\u0131 Belediyesi, Ara\u015ft\u0131rmac\u0131 Gazeteci-Yazar U\u011fur Mumcu\u2019yu katledili\u015finin 32\u2019nci y\u0131l\u0131nda and\u0131.<br \/>\n<br \/>Bayrakl\u0131 Belediyesi, Ara\u015ft\u0131rmac\u0131 Gazeteci-Yazar U\u011fur Mumcu\u2019yu katledili\u015finin 32. y\u0131l\u0131nda unutmay\u0131p anma t\u00f6reni ger\u00e7ekle\u015ftirdi. Bu kapsamda sahnelenen \u2018\u0130nsanca Bir Ayd\u0131n U\u011fur Mumcu\u2019 m\u00fczikli tiyatro oyunu izleyenlere unutulmaz anlar ya\u015fatt\u0131. G\u00f6steride, Mumcu\u2019nun hayat\u0131, ideolojisi ve meslek ilkeleri tiyatro ve m\u00fczi\u011fin e\u015fsiz uyumuyla anlat\u0131ld\u0131. Bayrakl\u0131 Belediyesi taraf\u0131ndan vatanda\u015fla bulu\u015fturulan Mavi D\u00fc\u015fler Tiyatrosu\u2019nun Ara\u015ft\u0131rmac\u0131-Yazar U\u011fur Mumcu an\u0131s\u0131na \u00f6zel haz\u0131rlad\u0131\u011f\u0131 \u2018\u0130nsanca Bir Ayd\u0131n\u2019 g\u00f6sterisi, unutulmaz anlara sahne olurken, izleyenleri de duyguland\u0131rd\u0131. \u0130smet \u0130n\u00f6n\u00fc K\u00fclt\u00fcr Merkezi\u2019nde ger\u00e7ekle\u015fen etkinli\u011fe Bayrakl\u0131 Belediyesi Ba\u015fkan Vekili \u00d6zg\u00fcr \u0130nli, meclis \u00fcyeleri, b\u00fcrokratlar, sivil toplum kurulu\u015flar\u0131m\u0131n temsilcileri, CHP Bayrakl\u0131 il\u00e7e y\u00f6neticileri, kad\u0131n ve gen\u00e7lik kollar\u0131 temsilcileriyle y\u00fczlerce vatanda\u015f kat\u0131ld\u0131. Etkinlikte konu\u015fan Bayrakl\u0131 Belediyesi Ba\u015fkan Vekili \u00d6zg\u00fcr \u0130nli, &#8220;U\u011fur Mumcu\u2019nun kalemi hi\u00e7bir zaman yere d\u00fc\u015fmeyecek, bizler onun b\u0131rakt\u0131\u011f\u0131 \u0131\u015f\u0131\u011f\u0131 sonsuza kadar ta\u015f\u0131maya devam edece\u011fiz. Mumcu\u2019yu ve onun nezdinde t\u00fcm demokrasi \u015fehitlerimizi sayg\u0131yla an\u0131yoruz&#8221; dedi.<\/p>\n<p>Etkinlik b\u00fcy\u00fck be\u011feni toplad\u0131<br \/>\n<br \/>Mavi D\u00fc\u015fler Tiyatro grubu taraf\u0131ndan sahnelenen g\u00f6steri izleyenlerden tam not ald\u0131. Sanat y\u00f6netmenli\u011fini, oyuncu ve yazar Nazl\u0131 Kay\u0131\u2019n\u0131n \u00fcstlendi\u011fi etkinlikte, Serkan Salg\u0131n, Hamit Demirhan ve Setanay Caymaz oyunculuklar\u0131yla dikkat \u00e7ekti. M\u00fczikte; gitar\u0131yla Aysun Timurcan, fl\u00fctte Dilara Elag\u00f6zl\u00fc, akordeon ve piyanoda Nesrin Bacak, ritimde ise \u00d6zlem Pekta\u015f, hem enstr\u00fcmanlar\u0131 hem de vokalleriyle izleyenlere duygu dolu anlar ya\u015fatt\u0131. M\u00fczik ve tiyatronun i\u00e7 i\u00e7e ge\u00e7ti\u011fi bu \u00f6zel programda, Mumcu\u2019nun d\u00fc\u015f\u00fcnceleri ve m\u00fccadeleci ki\u015fili\u011fi sanat\u0131n g\u00fcc\u00fcyle bir kez daha hat\u0131rland\u0131. Sanat\u00e7\u0131lar\u0131n etkileyici performanslar\u0131, izleyicilerin be\u011fenisini kazand\u0131.<\/p>\n<p>\u201cMumcu, d\u00fc\u015f\u00fcnc\u00fcleriyle ya\u015famaya devam ediyor\u201d<br \/>\n<br \/>Bayrakl\u0131 Belediye Ba\u015fkan\u0131 \u0130rfan \u00d6nal, &#8220;U\u011fur Mumcu, cesareti, d\u00fcr\u00fcstl\u00fc\u011f\u00fc ve ayd\u0131n ki\u015fili\u011fiyle yaln\u0131zca gazetecilik de\u011fil, toplumsal sorumluluk ad\u0131na da bir sembold\u00fc. O, ya\u015fam\u0131 boyunca ger\u00e7e\u011fin pe\u015finden ko\u015fan, korkusuzca halk\u0131 ayd\u0131nlatmaya \u00e7al\u0131\u015fan bir gazeteci olarak, yaln\u0131zca kalemiyle de\u011fil, y\u00fcre\u011fiyle de karanl\u0131\u011fa meydan okudu. Mumcu, topluma ve \u00fclkesine olan sorumlulu\u011fuyla, hakikati arama yolunda hi\u00e7bir tehdit ve bask\u0131dan korkmadan y\u00fcr\u00fcyen bir isimdi. Onun fikirleri ve \u00f6zg\u00fcrl\u00fck m\u00fccadelesi bizlere her zaman yol g\u00f6stermeye devam edecek\u201d dedi.<br \/><\/p>\n","protected":false},"excerpt":{"rendered":"<p>Bayrakl\u0131 Belediyesi, Ara\u015ft\u0131rmac\u0131 Gazeteci-Yazar U\u011fur Mumcu\u2019yu katledili\u015finin 32\u2019nci y\u0131l\u0131nda and\u0131. Bayrakl\u0131 Belediyesi, Ara\u015ft\u0131rmac\u0131 Gazeteci-Yazar U\u011fur Mumcu\u2019yu katledili\u015finin 32. y\u0131l\u0131nda unutmay\u0131p anma t\u00f6reni ger\u00e7ekle\u015ftirdi. Bu kapsamda sahnelenen \u2018\u0130nsanca Bir Ayd\u0131n U\u011fur Mumcu\u2019 m\u00fczikli tiyatro oyunu izleyenlere unutulmaz anlar ya\u015fatt\u0131. G\u00f6steride, Mumcu\u2019nun hayat\u0131, ideolojisi ve meslek ilkeleri tiyatro ve m\u00fczi\u011fin e\u015fsiz uyumuyla anlat\u0131ld\u0131. Bayrakl\u0131 Belediyesi taraf\u0131ndan vatanda\u015fla&#8230;<\/p>\n","protected":false},"author":1,"featured_media":12374,"comment_status":"open","ping_status":"open","sticky":false,"template":"","format":"standard","meta":{"_crdt_document":"","footnotes":""},"categories":[123],"tags":[],"class_list":["post-12373","post","type-post","status-publish","format-standard","has-post-thumbnail","hentry","category-gundem"],"_links":{"self":[{"href":"https:\/\/www.egemtv.com\/index.php?rest_route=\/wp\/v2\/posts\/12373","targetHints":{"allow":["GET"]}}],"collection":[{"href":"https:\/\/www.egemtv.com\/index.php?rest_route=\/wp\/v2\/posts"}],"about":[{"href":"https:\/\/www.egemtv.com\/index.php?rest_route=\/wp\/v2\/types\/post"}],"author":[{"embeddable":true,"href":"https:\/\/www.egemtv.com\/index.php?rest_route=\/wp\/v2\/users\/1"}],"replies":[{"embeddable":true,"href":"https:\/\/www.egemtv.com\/index.php?rest_route=%2Fwp%2Fv2%2Fcomments&post=12373"}],"version-history":[{"count":1,"href":"https:\/\/www.egemtv.com\/index.php?rest_route=\/wp\/v2\/posts\/12373\/revisions"}],"predecessor-version":[{"id":12375,"href":"https:\/\/www.egemtv.com\/index.php?rest_route=\/wp\/v2\/posts\/12373\/revisions\/12375"}],"wp:featuredmedia":[{"embeddable":true,"href":"https:\/\/www.egemtv.com\/index.php?rest_route=\/wp\/v2\/media\/12374"}],"wp:attachment":[{"href":"https:\/\/www.egemtv.com\/index.php?rest_route=%2Fwp%2Fv2%2Fmedia&parent=12373"}],"wp:term":[{"taxonomy":"category","embeddable":true,"href":"https:\/\/www.egemtv.com\/index.php?rest_route=%2Fwp%2Fv2%2Fcategories&post=12373"},{"taxonomy":"post_tag","embeddable":true,"href":"https:\/\/www.egemtv.com\/index.php?rest_route=%2Fwp%2Fv2%2Ftags&post=12373"}],"curies":[{"name":"wp","href":"https:\/\/api.w.org\/{rel}","templated":true}]}}