{"id":12370,"date":"2025-01-25T14:28:33","date_gmt":"2025-01-25T11:28:33","guid":{"rendered":"https:\/\/www.egemtv.com\/?p=12370"},"modified":"2025-01-25T14:28:35","modified_gmt":"2025-01-25T11:28:35","slug":"kusadali-ogrenciler-yariyil-tatilini-ogrenerek-ve-eglenerek-geciriyor","status":"publish","type":"post","link":"https:\/\/www.egemtv.com\/?p=12370","title":{"rendered":"Ku\u015fadal\u0131 \u00f6\u011frenciler yar\u0131y\u0131l tatilini \u00f6\u011frenerek ve e\u011flenerek ge\u00e7iriyor"},"content":{"rendered":"<p>Ku\u015fadas\u0131 Belediyesi taraf\u0131ndan yar\u0131y\u0131l tatiline giren \u00f6\u011frencilerin zamanlar\u0131n\u0131 verimli ve e\u011flenceli ge\u00e7irmeleri i\u00e7in \u00fccretsiz olarak d\u00fczenlenen etkinlikler t\u00fcm h\u0131z\u0131yla devam ediyor. Etkinliklere kat\u0131lan \u00e7ocuklar, e\u011fitici ve \u00f6\u011fretici at\u00f6lye \u00e7al\u0131\u015fmalar\u0131 sayesinde el becerilerini geli\u015ftirip, ilham verici y\u00f6nlerini ke\u015ffetme f\u0131rsat\u0131 buluyor.<\/p>\n<p>Ku\u015fadas\u0131 Belediyesi, 2024-2025 e\u011fitim y\u0131l\u0131 s\u00f6mestr tatilinde, \u00e7ocuklar i\u00e7in birbirinden renkli ve e\u011fitici etkinlikler d\u00fczenliyor. Bu kapsamda ge\u00e7ti\u011fimiz hafta ba\u015flayan etkinliklerde, \u00e7ocuklar ilk olarak Origami At\u00f6lyesi\u2019ne kat\u0131l\u0131p, ka\u011f\u0131t katlama sanat\u0131n\u0131n inceliklerini \u00f6\u011frendi. Daha sonraysa Pera D\u00fc\u011f\u00fcn, Organizasyon ve K\u00fclt\u00fcr Merkezi\u2019nde \u2018Masalbaz ve Sihirbaz\u2019 isimli tiyatro ve ill\u00fczyon g\u00f6sterisini izleyen \u00e7ocuklar doyas\u0131ya e\u011flendi. Son olarak \u0130bramaki Sanat Galerisi\u2019nde ger\u00e7ekle\u015ftirilen ta\u015f boyama at\u00f6lyesinde ise \u00f6\u011frenciler, se\u00e7tikleri farkl\u0131 b\u00fcy\u00fckl\u00fckteki ta\u015flar\u0131, u\u011fur b\u00f6ce\u011fine benzeyecek \u015fekilde de\u011fi\u015fik renklere boyad\u0131. \u0130lginin yo\u011fun oldu\u011fu etkinli\u011fe kat\u0131lan \u00f6\u011frenciler, hem ilham verici y\u00f6nlerini ke\u015ffetti hem de estetik duygular\u0131n\u0131 geli\u015ftirdi. \u00c7ocuklar\u0131n\u0131 etkinliklere getiren veliler de Ba\u015fkan \u00d6mer G\u00fcnel\u2019e te\u015fekk\u00fcr etti. Ku\u015fadas\u0131 Belediyesi taraf\u0131ndan \u00fccretsiz olarak ger\u00e7ekle\u015ftirilen yar\u0131y\u0131l etkinlikleri 31 Ocak Cuma g\u00fcn\u00fcne kadar devam edecek.<br \/><\/p>\n","protected":false},"excerpt":{"rendered":"<p>Ku\u015fadas\u0131 Belediyesi taraf\u0131ndan yar\u0131y\u0131l tatiline giren \u00f6\u011frencilerin zamanlar\u0131n\u0131 verimli ve e\u011flenceli ge\u00e7irmeleri i\u00e7in \u00fccretsiz olarak d\u00fczenlenen etkinlikler t\u00fcm h\u0131z\u0131yla devam ediyor. Etkinliklere kat\u0131lan \u00e7ocuklar, e\u011fitici ve \u00f6\u011fretici at\u00f6lye \u00e7al\u0131\u015fmalar\u0131 sayesinde el becerilerini geli\u015ftirip, ilham verici y\u00f6nlerini ke\u015ffetme f\u0131rsat\u0131 buluyor. Ku\u015fadas\u0131 Belediyesi, 2024-2025 e\u011fitim y\u0131l\u0131 s\u00f6mestr tatilinde, \u00e7ocuklar i\u00e7in birbirinden renkli ve e\u011fitici etkinlikler d\u00fczenliyor. Bu&#8230;<\/p>\n","protected":false},"author":1,"featured_media":12371,"comment_status":"open","ping_status":"open","sticky":false,"template":"","format":"standard","meta":{"_crdt_document":"","footnotes":""},"categories":[1],"tags":[],"class_list":["post-12370","post","type-post","status-publish","format-standard","has-post-thumbnail","hentry","category-guncel"],"_links":{"self":[{"href":"https:\/\/www.egemtv.com\/index.php?rest_route=\/wp\/v2\/posts\/12370","targetHints":{"allow":["GET"]}}],"collection":[{"href":"https:\/\/www.egemtv.com\/index.php?rest_route=\/wp\/v2\/posts"}],"about":[{"href":"https:\/\/www.egemtv.com\/index.php?rest_route=\/wp\/v2\/types\/post"}],"author":[{"embeddable":true,"href":"https:\/\/www.egemtv.com\/index.php?rest_route=\/wp\/v2\/users\/1"}],"replies":[{"embeddable":true,"href":"https:\/\/www.egemtv.com\/index.php?rest_route=%2Fwp%2Fv2%2Fcomments&post=12370"}],"version-history":[{"count":1,"href":"https:\/\/www.egemtv.com\/index.php?rest_route=\/wp\/v2\/posts\/12370\/revisions"}],"predecessor-version":[{"id":12372,"href":"https:\/\/www.egemtv.com\/index.php?rest_route=\/wp\/v2\/posts\/12370\/revisions\/12372"}],"wp:featuredmedia":[{"embeddable":true,"href":"https:\/\/www.egemtv.com\/index.php?rest_route=\/wp\/v2\/media\/12371"}],"wp:attachment":[{"href":"https:\/\/www.egemtv.com\/index.php?rest_route=%2Fwp%2Fv2%2Fmedia&parent=12370"}],"wp:term":[{"taxonomy":"category","embeddable":true,"href":"https:\/\/www.egemtv.com\/index.php?rest_route=%2Fwp%2Fv2%2Fcategories&post=12370"},{"taxonomy":"post_tag","embeddable":true,"href":"https:\/\/www.egemtv.com\/index.php?rest_route=%2Fwp%2Fv2%2Ftags&post=12370"}],"curies":[{"name":"wp","href":"https:\/\/api.w.org\/{rel}","templated":true}]}}