{"id":12367,"date":"2025-01-25T14:25:31","date_gmt":"2025-01-25T11:25:31","guid":{"rendered":"https:\/\/www.egemtv.com\/?p=12367"},"modified":"2025-01-25T14:25:33","modified_gmt":"2025-01-25T11:25:33","slug":"koycegizde-mirac-kandili-ozel-programlarla-idrak-edilecek","status":"publish","type":"post","link":"https:\/\/www.egemtv.com\/?p=12367","title":{"rendered":"K\u00f6yce\u011fiz\u2019de Mira\u00e7 Kandili \u00f6zel programlarla idrak edilecek"},"content":{"rendered":"<p>T\u00fcm \u00fclkede oldu\u011fu gibi Mu\u011fla\u2019n\u0131n K\u00f6yce\u011fiz il\u00e7esinde de Mira\u00e7 Kandili \u00f6zel programlarla idrak edilecek.<\/p>\n<p>\u0130l\u00e7e M\u00fcft\u00fcs\u00fc Ahmet Karag\u00f6z Mira\u00e7 Kandili vesilesiyle a\u00e7\u0131klamalarda bulunarak; \u201c\u0130sr\u00e2 ve Mira\u00e7, Sevgili Peygamberimiz (s.a.s)\u2019in bir gece Mescid-i Haram\u2019dan Mescid-i Aks\u00e2\u2019ya, oradan da Y\u00fcce Mevla\u2019n\u0131n sonsuz ayet ve kudretini m\u00fc\u015fahede etmek i\u00e7in semaya yapt\u0131\u011f\u0131, i\u00e7inde pek \u00e7ok ilah\u00ee hikmet ve bereketi bar\u0131nd\u0131ran manev\u00ee bir yolculuktur\u201d dedi.<\/p>\n<p>Ayr\u0131ca M\u00fcft\u00fc Karag\u00f6z, &#8220;26 Ocak 2025 Pazar g\u00fcn\u00fc g\u00fcnd\u00fcz Zeytinalan\u0131 Merkez Camii ile Beyobas\u0131 Merkez Camiinde bayanlara y\u00f6nelik, ak\u015fam namaz\u0131ndan sonra da K\u00f6yce\u011fiz\u2019deki t\u00fcm camilerimizde oldu\u011fu gibi Merkez Hac\u0131bey Camii ve Toparlar Mahallesi Merkez Camiinde Kandil \u00f6zel program\u0131m\u0131z olacakt\u0131r. Programlar\u0131m\u0131za t\u00fcm halk\u0131m\u0131z\u0131 davet eder, bu duygu ve d\u00fc\u015f\u00fcncelerle K\u00f6yce\u011fizli karde\u015flerimizin, misafirlerimizin ve t\u00fcm inananlar\u0131n; dileklerin dalga dalga Cenab-\u0131 Allah\u2019a ula\u015ft\u0131\u011f\u0131, d\u00f6k\u00fclen pi\u015fmanl\u0131k g\u00f6zya\u015flar\u0131n\u0131n g\u00fcnahlar\u0131 silip yok etti\u011fi Mira\u00e7 kandillerini tebrik eder, yapaca\u011f\u0131m\u0131z dua ve niyazlar\u0131n kabul g\u00f6rmesini, \u0130slam Aleminin, birlik ve beraberli\u011fine, Aziz Milletimizin ve b\u00fct\u00fcn insanl\u0131\u011f\u0131n bar\u0131\u015f, huzur ve saadetine vesile olmas\u0131n\u0131 Y\u00fcce Allah\u2019tan temenni ve niyaz ederim&#8221; ifadelerini kulland\u0131.<br \/><\/p>\n","protected":false},"excerpt":{"rendered":"<p>T\u00fcm \u00fclkede oldu\u011fu gibi Mu\u011fla\u2019n\u0131n K\u00f6yce\u011fiz il\u00e7esinde de Mira\u00e7 Kandili \u00f6zel programlarla idrak edilecek. \u0130l\u00e7e M\u00fcft\u00fcs\u00fc Ahmet Karag\u00f6z Mira\u00e7 Kandili vesilesiyle a\u00e7\u0131klamalarda bulunarak; \u201c\u0130sr\u00e2 ve Mira\u00e7, Sevgili Peygamberimiz (s.a.s)\u2019in bir gece Mescid-i Haram\u2019dan Mescid-i Aks\u00e2\u2019ya, oradan da Y\u00fcce Mevla\u2019n\u0131n sonsuz ayet ve kudretini m\u00fc\u015fahede etmek i\u00e7in semaya yapt\u0131\u011f\u0131, i\u00e7inde pek \u00e7ok ilah\u00ee hikmet ve bereketi&#8230;<\/p>\n","protected":false},"author":1,"featured_media":12368,"comment_status":"open","ping_status":"open","sticky":false,"template":"","format":"standard","meta":{"_crdt_document":"","footnotes":""},"categories":[1],"tags":[],"class_list":["post-12367","post","type-post","status-publish","format-standard","has-post-thumbnail","hentry","category-guncel"],"_links":{"self":[{"href":"https:\/\/www.egemtv.com\/index.php?rest_route=\/wp\/v2\/posts\/12367","targetHints":{"allow":["GET"]}}],"collection":[{"href":"https:\/\/www.egemtv.com\/index.php?rest_route=\/wp\/v2\/posts"}],"about":[{"href":"https:\/\/www.egemtv.com\/index.php?rest_route=\/wp\/v2\/types\/post"}],"author":[{"embeddable":true,"href":"https:\/\/www.egemtv.com\/index.php?rest_route=\/wp\/v2\/users\/1"}],"replies":[{"embeddable":true,"href":"https:\/\/www.egemtv.com\/index.php?rest_route=%2Fwp%2Fv2%2Fcomments&post=12367"}],"version-history":[{"count":1,"href":"https:\/\/www.egemtv.com\/index.php?rest_route=\/wp\/v2\/posts\/12367\/revisions"}],"predecessor-version":[{"id":12369,"href":"https:\/\/www.egemtv.com\/index.php?rest_route=\/wp\/v2\/posts\/12367\/revisions\/12369"}],"wp:featuredmedia":[{"embeddable":true,"href":"https:\/\/www.egemtv.com\/index.php?rest_route=\/wp\/v2\/media\/12368"}],"wp:attachment":[{"href":"https:\/\/www.egemtv.com\/index.php?rest_route=%2Fwp%2Fv2%2Fmedia&parent=12367"}],"wp:term":[{"taxonomy":"category","embeddable":true,"href":"https:\/\/www.egemtv.com\/index.php?rest_route=%2Fwp%2Fv2%2Fcategories&post=12367"},{"taxonomy":"post_tag","embeddable":true,"href":"https:\/\/www.egemtv.com\/index.php?rest_route=%2Fwp%2Fv2%2Ftags&post=12367"}],"curies":[{"name":"wp","href":"https:\/\/api.w.org\/{rel}","templated":true}]}}