{"id":12349,"date":"2025-01-25T13:58:12","date_gmt":"2025-01-25T10:58:12","guid":{"rendered":"https:\/\/www.egemtv.com\/?p=12349"},"modified":"2025-01-25T13:58:14","modified_gmt":"2025-01-25T10:58:14","slug":"selcukta-arastirmaci-gazeteci-yazar-ugur-mumcu-anildi","status":"publish","type":"post","link":"https:\/\/www.egemtv.com\/?p=12349","title":{"rendered":"Sel\u00e7uk\u2019ta  Ara\u015ft\u0131rmac\u0131 Gazeteci Yazar U\u011fur Mumcu an\u0131ld\u0131"},"content":{"rendered":"<p>Ara\u015ft\u0131rmac\u0131 Gazeteci Yazar U\u011fur Mumcu, hain bir suikast sonucu katledili\u015finin 32. y\u0131l\u0131nda Sel\u00e7uk\u2019ta an\u0131ld\u0131. Aradan ge\u00e7en 32 y\u0131la ra\u011fmen U\u011fur Mumcu suikast\u0131n\u0131n ayd\u0131nlat\u0131lamad\u0131\u011f\u0131na dikkat \u00e7eken Ba\u015fkan Cerito\u011flu Sengel: \u201cBug\u00fcn U\u011fur Mumcu i\u00e7in buraday\u0131z. Ne istedi\u011fini bilen ve ba\u011f\u0131ms\u0131zl\u0131k i\u00e7in m\u00fccadele eden bir kalemin katledili\u015finin 32. y\u0131l d\u00f6n\u00fcm\u00fcndeyiz\u201d dedi.<br \/>\n<br \/>Sel\u00e7uk Belediyesi, Ara\u015ft\u0131rmac\u0131 Gazeteci Yazar U\u011fur Mumcu\u2019yu katledili\u015finin 32. y\u0131l\u0131nda unutmay\u0131p anma t\u00f6reni ger\u00e7ekle\u015ftirdi. Etkinli\u011fe Sel\u00e7uk Belediye Ba\u015fkan\u0131 Filiz Cerito\u011flu Sengel, ve dernek \u00fcyeleri, sivil toplum \u00f6rg\u00fctlerinin temsilcileri ve vatanda\u015flar kat\u0131ld\u0131. Belediye binas\u0131 \u00f6n\u00fcnde toplanan kat\u0131l\u0131mc\u0131lar ilk olarak \u00d6zg\u00fcrl\u00fck An\u0131t\u0131\u2019na karanfil b\u0131rakt\u0131lar. U\u011fur Mumcu Sevgi Yolu\u2019nda bulunan U\u011fur Mumcu An\u0131t\u0131\u2019na kadar y\u00fcr\u00fcyen kat\u0131l\u0131mc\u0131lar ilk olarak sayg\u0131 duru\u015funda bulunarak \u0130stiklal Mar\u015f\u0131\u2019n\u0131 okudular.<\/p>\n<p>\u201cGer\u00e7ekler ortaya \u00e7\u0131kmal\u0131\u201d<br \/>\n<br \/>Ger\u00e7eklerin ortaya \u00e7\u0131kmas\u0131n\u0131n gerekti\u011fini dile getiren Ba\u015fkan Cerito\u011flu Sengel, \u201cB\u00fct\u00fcn meslek hayat\u0131 boyunca hukuku savunan, insan haklar\u0131n\u0131 savunan, ter\u00f6re kar\u015f\u0131 \u00e7\u0131kan ve her yaz\u0131s\u0131nda uzun uzad\u0131ya t\u00fcm ger\u00e7ekleri ifade eden bir hukuk\u00e7u ve \u00f6l\u00fcm\u00fcnden sonra bile h\u00e2l\u00e2 daha tecelli edilemeyen bir hukuk sistemi. \u00d6l\u00fcm\u00fcnden 7 y\u0131l sonra ancak yarg\u0131lamas\u0131 ba\u015flayan, biraz \u00f6nce bahsedildi\u011fi gibi Ahmet Taner K\u0131\u015flal\u0131, Muharrem Aksoy, Bahriye \u00dc\u00e7ok gibi umut davas\u0131 ad\u0131 alt\u0131nda ba\u015flayan ama h\u00e2l\u00e2 umutsuzlukla devam eden ve hukuk\u00e7u bir insan\u0131n arkas\u0131ndan h\u00e2l\u00e2 tecelli edemeyen bir hukuktan bahsediyoruz\u201d dedi.<br \/>\n<br \/>U\u011fur Mumcu\u2019nun geride b\u0131rakt\u0131\u011f\u0131 yaz\u0131lar\u0131n, topluma sundu\u011fu ger\u00e7eklerin okunarak anla\u015f\u0131lmas\u0131 gerekti\u011fini belirten Ba\u015fkan Cerito\u011flu Sengel: &#8220;Bizim art\u0131k somut ger\u00e7ekli\u011fe ihtiyac\u0131m\u0131z var. Bizim art\u0131k somut ad\u0131mlara ihtiyac\u0131m\u0131z var. U\u011fur Mumcu\u2019nun anman\u0131n \u00f6tesinde, toplum i\u00e7in \u015f\u00f6yle bir g\u00f6zden ge\u00e7irilmesini istiyorum. Ger\u00e7ekler y\u0131llar \u00f6ncesinde \u00f6ne s\u00fcr\u00fcl\u00fcrken \u201cBiz ne yap\u0131yorduk acaba?\u201d diye d\u00fc\u015f\u00fcn\u00fclmesini istiyorum. Bir\u00e7ok \u00e7ocu\u011fu g\u00f6r\u00fcyorum burada. Biz 32 y\u0131ldan beri mikrofonlar\u0131 elimize alanlar, ac\u0131m\u0131z\u0131 dile getirenler, ger\u00e7ekler bir g\u00fcn su \u00fczerine \u00e7\u0131ks\u0131n diye umut edenleriz. Umar\u0131m sizlere bir \u015feyler b\u0131rakabiliriz\u201d diye konu\u015ftu.<br \/><\/p>\n","protected":false},"excerpt":{"rendered":"<p>Ara\u015ft\u0131rmac\u0131 Gazeteci Yazar U\u011fur Mumcu, hain bir suikast sonucu katledili\u015finin 32. y\u0131l\u0131nda Sel\u00e7uk\u2019ta an\u0131ld\u0131. Aradan ge\u00e7en 32 y\u0131la ra\u011fmen U\u011fur Mumcu suikast\u0131n\u0131n ayd\u0131nlat\u0131lamad\u0131\u011f\u0131na dikkat \u00e7eken Ba\u015fkan Cerito\u011flu Sengel: \u201cBug\u00fcn U\u011fur Mumcu i\u00e7in buraday\u0131z. Ne istedi\u011fini bilen ve ba\u011f\u0131ms\u0131zl\u0131k i\u00e7in m\u00fccadele eden bir kalemin katledili\u015finin 32. y\u0131l d\u00f6n\u00fcm\u00fcndeyiz\u201d dedi. Sel\u00e7uk Belediyesi, Ara\u015ft\u0131rmac\u0131 Gazeteci Yazar U\u011fur Mumcu\u2019yu&#8230;<\/p>\n","protected":false},"author":1,"featured_media":12350,"comment_status":"open","ping_status":"open","sticky":false,"template":"","format":"standard","meta":{"_crdt_document":"","footnotes":""},"categories":[123],"tags":[],"class_list":["post-12349","post","type-post","status-publish","format-standard","has-post-thumbnail","hentry","category-gundem"],"_links":{"self":[{"href":"https:\/\/www.egemtv.com\/index.php?rest_route=\/wp\/v2\/posts\/12349","targetHints":{"allow":["GET"]}}],"collection":[{"href":"https:\/\/www.egemtv.com\/index.php?rest_route=\/wp\/v2\/posts"}],"about":[{"href":"https:\/\/www.egemtv.com\/index.php?rest_route=\/wp\/v2\/types\/post"}],"author":[{"embeddable":true,"href":"https:\/\/www.egemtv.com\/index.php?rest_route=\/wp\/v2\/users\/1"}],"replies":[{"embeddable":true,"href":"https:\/\/www.egemtv.com\/index.php?rest_route=%2Fwp%2Fv2%2Fcomments&post=12349"}],"version-history":[{"count":1,"href":"https:\/\/www.egemtv.com\/index.php?rest_route=\/wp\/v2\/posts\/12349\/revisions"}],"predecessor-version":[{"id":12351,"href":"https:\/\/www.egemtv.com\/index.php?rest_route=\/wp\/v2\/posts\/12349\/revisions\/12351"}],"wp:featuredmedia":[{"embeddable":true,"href":"https:\/\/www.egemtv.com\/index.php?rest_route=\/wp\/v2\/media\/12350"}],"wp:attachment":[{"href":"https:\/\/www.egemtv.com\/index.php?rest_route=%2Fwp%2Fv2%2Fmedia&parent=12349"}],"wp:term":[{"taxonomy":"category","embeddable":true,"href":"https:\/\/www.egemtv.com\/index.php?rest_route=%2Fwp%2Fv2%2Fcategories&post=12349"},{"taxonomy":"post_tag","embeddable":true,"href":"https:\/\/www.egemtv.com\/index.php?rest_route=%2Fwp%2Fv2%2Ftags&post=12349"}],"curies":[{"name":"wp","href":"https:\/\/api.w.org\/{rel}","templated":true}]}}