{"id":12346,"date":"2025-01-25T13:55:41","date_gmt":"2025-01-25T10:55:41","guid":{"rendered":"https:\/\/www.egemtv.com\/?p=12346"},"modified":"2025-01-25T13:55:42","modified_gmt":"2025-01-25T10:55:42","slug":"baskan-zencirci-kazada-yaralanan-vatandaslara-gecmis-olsun-diledi","status":"publish","type":"post","link":"https:\/\/www.egemtv.com\/?p=12346","title":{"rendered":"Ba\u015fkan Zencirci kazada yaralanan vatanda\u015flara ge\u00e7mi\u015f olsun diledi"},"content":{"rendered":"<p>Germencik Belediye Ba\u015fkan\u0131 Burak Zencirci sabah saatlerinde Ortaklar-\u00c7aml\u0131k Karayolu\u2019nda festivale giden yolcular\u0131 ta\u015f\u0131yan minib\u00fcs\u00fcn devrilmesi sonucu 23 ki\u015finin yaraland\u0131\u011f\u0131 kaza sonras\u0131 olay yerinde incelemelerde bulunurken, sosyal medya hesab\u0131ndan yapt\u0131\u011f\u0131 payla\u015f\u0131mla yaral\u0131lara ge\u00e7mi\u015f olsun dileklerini iletti.<\/p>\n<p>Ayd\u0131n\u2019\u0131n Didim il\u00e7esinden \u0130zmir\u2019in Karaburun il\u00e7esindeki Nergis Festivali\u2019ne giden yolcular\u0131 ta\u015f\u0131yan N.\u00c7. idaresindeki 48 ALZ 167 plakal\u0131 tur minib\u00fcs\u00fc Ortaklar-\u00c7aml\u0131k yolu \u00fczerinde ya\u011f\u0131\u015f nedeniyle kayganla\u015fan yolda s\u00fcr\u00fcc\u00fcs\u00fcn\u00fcn direksiyon hakimiyetini kaybetmesi sonucu yol kenar\u0131ndaki \u015farampole devrildi. Kaza ihbar\u0131 \u00fczerine b\u00f6lgeye \u00e7ok say\u0131da ambulans, itfaiye ve jandarma ekipleri sevk edildi. Kazada minib\u00fcs bulunan 23 ki\u015fi yaralan\u0131rken, yaral\u0131lar ambulanslarla \u00e7evredeki hastanelere kald\u0131r\u0131larak tedavi alt\u0131na al\u0131nd\u0131.<br \/>\n<br \/>Meydana gelen kazan\u0131n ard\u0131ndan Germencik Belediye Ba\u015fkan\u0131 Burak Zencirci de olay yerine gelerek incelemelerde bulundu. Ba\u015fkan Zencirci sosyal medya hesab\u0131ndan yapt\u0131\u011f\u0131 payla\u015f\u0131mda, &#8220;Ortaklar-\u00c7aml\u0131k karayolunda meydana gelen kaza y\u00fcre\u011fimizi a\u011fz\u0131m\u0131za getirdi. Facian\u0131n e\u015fi\u011finden d\u00f6nd\u00fck. T\u00fcm vatanda\u015flar\u0131m\u0131za tekrardan ge\u00e7mi\u015f olsun dileklerimi sunuyorum&#8221; ifadelerine yer verdi.<br \/><\/p>\n","protected":false},"excerpt":{"rendered":"<p>Germencik Belediye Ba\u015fkan\u0131 Burak Zencirci sabah saatlerinde Ortaklar-\u00c7aml\u0131k Karayolu\u2019nda festivale giden yolcular\u0131 ta\u015f\u0131yan minib\u00fcs\u00fcn devrilmesi sonucu 23 ki\u015finin yaraland\u0131\u011f\u0131 kaza sonras\u0131 olay yerinde incelemelerde bulunurken, sosyal medya hesab\u0131ndan yapt\u0131\u011f\u0131 payla\u015f\u0131mla yaral\u0131lara ge\u00e7mi\u015f olsun dileklerini iletti. Ayd\u0131n\u2019\u0131n Didim il\u00e7esinden \u0130zmir\u2019in Karaburun il\u00e7esindeki Nergis Festivali\u2019ne giden yolcular\u0131 ta\u015f\u0131yan N.\u00c7. idaresindeki 48 ALZ 167 plakal\u0131 tur minib\u00fcs\u00fc Ortaklar-\u00c7aml\u0131k&#8230;<\/p>\n","protected":false},"author":1,"featured_media":12347,"comment_status":"open","ping_status":"open","sticky":false,"template":"","format":"standard","meta":{"_crdt_document":"","footnotes":""},"categories":[1],"tags":[],"class_list":["post-12346","post","type-post","status-publish","format-standard","has-post-thumbnail","hentry","category-guncel"],"_links":{"self":[{"href":"https:\/\/www.egemtv.com\/index.php?rest_route=\/wp\/v2\/posts\/12346","targetHints":{"allow":["GET"]}}],"collection":[{"href":"https:\/\/www.egemtv.com\/index.php?rest_route=\/wp\/v2\/posts"}],"about":[{"href":"https:\/\/www.egemtv.com\/index.php?rest_route=\/wp\/v2\/types\/post"}],"author":[{"embeddable":true,"href":"https:\/\/www.egemtv.com\/index.php?rest_route=\/wp\/v2\/users\/1"}],"replies":[{"embeddable":true,"href":"https:\/\/www.egemtv.com\/index.php?rest_route=%2Fwp%2Fv2%2Fcomments&post=12346"}],"version-history":[{"count":1,"href":"https:\/\/www.egemtv.com\/index.php?rest_route=\/wp\/v2\/posts\/12346\/revisions"}],"predecessor-version":[{"id":12348,"href":"https:\/\/www.egemtv.com\/index.php?rest_route=\/wp\/v2\/posts\/12346\/revisions\/12348"}],"wp:featuredmedia":[{"embeddable":true,"href":"https:\/\/www.egemtv.com\/index.php?rest_route=\/wp\/v2\/media\/12347"}],"wp:attachment":[{"href":"https:\/\/www.egemtv.com\/index.php?rest_route=%2Fwp%2Fv2%2Fmedia&parent=12346"}],"wp:term":[{"taxonomy":"category","embeddable":true,"href":"https:\/\/www.egemtv.com\/index.php?rest_route=%2Fwp%2Fv2%2Fcategories&post=12346"},{"taxonomy":"post_tag","embeddable":true,"href":"https:\/\/www.egemtv.com\/index.php?rest_route=%2Fwp%2Fv2%2Ftags&post=12346"}],"curies":[{"name":"wp","href":"https:\/\/api.w.org\/{rel}","templated":true}]}}