{"id":12340,"date":"2025-01-25T13:41:00","date_gmt":"2025-01-25T10:41:00","guid":{"rendered":"https:\/\/www.egemtv.com\/?p=12340"},"modified":"2025-01-25T13:41:01","modified_gmt":"2025-01-25T10:41:01","slug":"tir-ile-otomobil-carpisti-3-yarali","status":"publish","type":"post","link":"https:\/\/www.egemtv.com\/?p=12340","title":{"rendered":"T\u0131r ile otomobil \u00e7arp\u0131\u015ft\u0131: 3 yaral\u0131"},"content":{"rendered":"<p>Burdur\u2019un Bucak il\u00e7esi Burdur-Antalya kara yolunda seyir halinde olan otomobile arkas\u0131ndan gelen t\u0131r\u0131n \u00e7arpmas\u0131 sonucu otomobilde bulunan 1\u2019i \u00e7ocuk 3 ki\u015fi yaraland\u0131.<br \/>\n<br \/>Kaza, gece saat 00.30 s\u0131ralar\u0131nda Burdur\u2019un Bucak il\u00e7esi Burdur-Antalya kara yolu Kent Orman\u0131 Kav\u015fa\u011f\u0131 yak\u0131nlar\u0131nda meydana geldi. Edinilen bilgilere g\u00f6re, \u00c7eltik\u00e7i istikametinden Bucak istikametine seyir halinde olan Adem \u00d6. (57) idaresindeki 07 GVU 80 plakal\u0131 t\u0131r, ayn\u0131 y\u00f6nde \u00f6n\u00fcnde seyir eden H\u00fcseyin T. (57) idaresindeki 32 LS 941 plakal\u0131 Fiat Tofa\u015f marka otomobile arkadan \u00e7arpt\u0131. Kazada otomobil s\u00fcr\u00fcc\u00fcs\u00fc H\u00fcseyin T. ve ara\u00e7ta yolcu olarak bulunan G\u00fclperi \u00c7. (34) ve G\u00fcl\u015fah \u00c7. (2) yaraland\u0131. \u00c7evredekilerin 112 Acil \u00c7a\u011fr\u0131 Merkezine ihbar\u0131 \u00fczerine olay yerine sa\u011fl\u0131k ve polis ekipleri sevk edildi. Olay yerine gelen sa\u011fl\u0131k ekiplerinin ilk m\u00fcdahalesinin ard\u0131ndan yaral\u0131lar ambulanslarla Bucak Devlet Hastanesi\u2019ne kald\u0131r\u0131ld\u0131. T\u0131r s\u00fcr\u00fcc\u00fcs\u00fc ise ifadesi al\u0131nmak \u00fczere polis merkezine g\u00f6t\u00fcr\u00fcld\u00fc. Hastanede tedavi alt\u0131na al\u0131nan yaral\u0131lar\u0131n durumlar\u0131n\u0131n iyi oldu\u011fu \u00f6\u011frenilirken kazaya kar\u0131\u015fan ara\u00e7lar \u00e7ekici yard\u0131m\u0131yla yoldan kald\u0131r\u0131ld\u0131. Kazayla ilgili inceleme ba\u015flat\u0131ld\u0131.<br \/><\/p>\n","protected":false},"excerpt":{"rendered":"<p>Burdur\u2019un Bucak il\u00e7esi Burdur-Antalya kara yolunda seyir halinde olan otomobile arkas\u0131ndan gelen t\u0131r\u0131n \u00e7arpmas\u0131 sonucu otomobilde bulunan 1\u2019i \u00e7ocuk 3 ki\u015fi yaraland\u0131. Kaza, gece saat 00.30 s\u0131ralar\u0131nda Burdur\u2019un Bucak il\u00e7esi Burdur-Antalya kara yolu Kent Orman\u0131 Kav\u015fa\u011f\u0131 yak\u0131nlar\u0131nda meydana geldi. Edinilen bilgilere g\u00f6re, \u00c7eltik\u00e7i istikametinden Bucak istikametine seyir halinde olan Adem \u00d6. (57) idaresindeki 07 GVU&#8230;<\/p>\n","protected":false},"author":1,"featured_media":12341,"comment_status":"open","ping_status":"open","sticky":false,"template":"","format":"standard","meta":{"_crdt_document":"","footnotes":""},"categories":[5],"tags":[],"class_list":["post-12340","post","type-post","status-publish","format-standard","has-post-thumbnail","hentry","category-asayis"],"_links":{"self":[{"href":"https:\/\/www.egemtv.com\/index.php?rest_route=\/wp\/v2\/posts\/12340","targetHints":{"allow":["GET"]}}],"collection":[{"href":"https:\/\/www.egemtv.com\/index.php?rest_route=\/wp\/v2\/posts"}],"about":[{"href":"https:\/\/www.egemtv.com\/index.php?rest_route=\/wp\/v2\/types\/post"}],"author":[{"embeddable":true,"href":"https:\/\/www.egemtv.com\/index.php?rest_route=\/wp\/v2\/users\/1"}],"replies":[{"embeddable":true,"href":"https:\/\/www.egemtv.com\/index.php?rest_route=%2Fwp%2Fv2%2Fcomments&post=12340"}],"version-history":[{"count":1,"href":"https:\/\/www.egemtv.com\/index.php?rest_route=\/wp\/v2\/posts\/12340\/revisions"}],"predecessor-version":[{"id":12342,"href":"https:\/\/www.egemtv.com\/index.php?rest_route=\/wp\/v2\/posts\/12340\/revisions\/12342"}],"wp:featuredmedia":[{"embeddable":true,"href":"https:\/\/www.egemtv.com\/index.php?rest_route=\/wp\/v2\/media\/12341"}],"wp:attachment":[{"href":"https:\/\/www.egemtv.com\/index.php?rest_route=%2Fwp%2Fv2%2Fmedia&parent=12340"}],"wp:term":[{"taxonomy":"category","embeddable":true,"href":"https:\/\/www.egemtv.com\/index.php?rest_route=%2Fwp%2Fv2%2Fcategories&post=12340"},{"taxonomy":"post_tag","embeddable":true,"href":"https:\/\/www.egemtv.com\/index.php?rest_route=%2Fwp%2Fv2%2Ftags&post=12340"}],"curies":[{"name":"wp","href":"https:\/\/api.w.org\/{rel}","templated":true}]}}