{"id":12337,"date":"2025-01-25T13:40:57","date_gmt":"2025-01-25T10:40:57","guid":{"rendered":"https:\/\/www.egemtv.com\/?p=12337"},"modified":"2025-01-25T13:40:59","modified_gmt":"2025-01-25T10:40:59","slug":"marinalarda-tekne-baglama-yillik-ucretlerine-denizciler-de-tepki-gosterdi","status":"publish","type":"post","link":"https:\/\/www.egemtv.com\/?p=12337","title":{"rendered":"Marinalarda tekne ba\u011flama y\u0131ll\u0131k \u00fccretlerine denizciler de tepki g\u00f6sterdi"},"content":{"rendered":"<p>D\u00fcnyan\u0131n ve T\u00fcrkiye\u2019nin en g\u00fczel koylar\u0131na sahip olan, turizmin g\u00f6zbebe\u011fi Mu\u011fla\u2019da deniz turizmi \u00f6nemli bir yere sahip. Ancak milyonlarca lira de\u011ferindeki l\u00fcks teknelerin ve daha orta s\u0131n\u0131f teknelerin sahipleri, artan marina ba\u011flama \u00fccretlerinden \u015fikayet\u00e7i. Tekne sahipleri, \u201cBa\u015fka \u00fclkelerde \u00e7ok daha uygun fiyatlarla hizmet alabiliyoruz. T\u00fcrkiye\u2019de bir \u00e7\u00f6z\u00fcm bulunmas\u0131 gerekiyor\u201d diyerek tepkilerini dile getirdi.<\/p>\n<p>Marmaris ve \u00e7evresinde, \u00f6zel ve kamuya ait k\u00fc\u00e7\u00fckl\u00fc b\u00fcy\u00fckl\u00fc 10\u2019dan fazla marina bulunuyor. Tekne ba\u011flama \u00fccretleri, teknelerin boyutlar\u0131na ve denizde kaplad\u0131klar\u0131 alana g\u00f6re hesaplan\u0131yor. Ancak edinilen bilgilere g\u00f6re, g\u00fcnl\u00fck ba\u011flama \u00fccretleri en d\u00fc\u015f\u00fck 5 bin liradan ba\u015fl\u0131yor. Elektrik ve su gibi giderler bu rakamlara dahil olmad\u0131\u011f\u0131 i\u00e7in toplam maliyetler daha da art\u0131yor. Sadece milyonerlerin de\u011fil, hayali denizde ya\u015famak olan kendilerine ev, araba almadan tekne alan ve emekli maa\u015flar\u0131 ile ge\u00e7inmeye \u00e7al\u0131\u015fan deniz sevdal\u0131lar\u0131n\u0131n da tepkisine neden olan ba\u011flama \u00fccretlerinin y\u0131ll\u0131k milyon liralar\u0131 a\u015fan fiyatlar\u0131 sekt\u00f6rde en \u00e7ok konu\u015fulan konular\u0131 aras\u0131nda yer al\u0131yor.<\/p>\n<p>&#8220;Taban ve tavan fiyat uygulamas\u0131 getirilmeli&#8221;<br \/>\n<br \/>Yelken e\u011fitmeni ve yat sahibi Atilla G\u00f6kova, \u201c\u015eu an T\u00fcrkiye\u2019deki marina fiyatlar\u0131n\u0131, d\u00fcnyan\u0131n en pahal\u0131 marinas\u0131 olan Monako ile k\u0131yaslad\u0131\u011f\u0131m\u0131zda bile daha y\u00fcksek seviyede. Belediye ve \u00f6zel sekt\u00f6r marinalar\u0131nda fiyat serbestli\u011fi kontrols\u00fcz \u015fekilde artm\u0131\u015f durumda. Devlete ait marinalar\u0131n da bu fiyat band\u0131na gelmesi amat\u00f6r denizcili\u011fi bitiriyor. \u00d6rne\u011fin, benim yar\u0131\u015ft\u0131\u011f\u0131m teknenin de\u011feri 3 milyon TL. Ancak y\u0131ll\u0131k marina ba\u011flama \u00fccreti 800 bin TL\u2019ye ula\u015ft\u0131. Devletin m\u00fcdahale ederek taban ve tavan fiyat uygulamas\u0131 getirmesini bekliyoruz&#8221; dedi.<\/p>\n<p>\u201cFiyatlar kontrolden \u00e7\u0131km\u0131\u015f durumda\u201d<br \/>\n<br \/>Ba\u011flama \u00fccretlerinin teknelerin denizde kaplad\u0131\u011f\u0131 metrekareye g\u00f6re belirlendi\u011fi belirtilirken Atilla G\u00f6kova, \u201cBizim gibi k\u00fc\u00e7\u00fck b\u00fct\u00e7eli tekneler, y\u00fcksek maliyetler nedeniyle zorlan\u0131rken, b\u00fcy\u00fck i\u015f insanlar\u0131n\u0131n tekneleri bile bu fiyatlardan dolay\u0131 Yunanistan veya Avrupa\u2019ya gidiyor. Bu durum, T\u00fcrkiye\u2019nin marinac\u0131l\u0131k sekt\u00f6r\u00fcne zarar veriyor ve devletin vergi kayb\u0131na neden oluyor\u201d \u015feklinde konu\u015ftu.<\/p>\n<p>\u201cY\u00fcksek \u00fccretlere ra\u011fmen marinalarda s\u0131ra bekleniyor\u201d<br \/>\n<br \/>Marinalarda y\u00fcksek fiyatlara ra\u011fmen s\u0131ra beklenildi\u011fi y\u00f6n\u00fcndeki iddialara da yan\u0131t veren Atilla G\u00f6kova bu durumun sebebi ile ilgili, \u201cRusya-Ukrayna sava\u015f\u0131 nedeniyle Rus tekneleri T\u00fcrkiye\u2019ye ak\u0131n etti. T\u00fcrk tekne sahipleri marinadan \u00e7\u0131kar\u0131lmaya \u00e7al\u0131\u015f\u0131l\u0131yor. Sebeplerini biliyoruz ama maalesef konu\u015fam\u0131yoruz. Bu durum, yerli amat\u00f6r denizcilere b\u00fcy\u00fck zorluk \u00e7\u0131kar\u0131yor\u201d ifadelerini kulland\u0131.<\/p>\n<p>\u201cMarinam\u0131 terk etmek zorunda kald\u0131m\u201d<br \/>\n<br \/>Bir ba\u015fka tekne sahibi Tunca \u00c7al\u0131\u015fkan ise uzun y\u0131llar ba\u011flama yapt\u0131\u011f\u0131 marinas\u0131n\u0131 fiyatlar nedeniyle terk etti\u011fini belirterek \u201cYakla\u015f\u0131k 7 y\u0131l \u00f6nce, 5 bin Euro\u2019ya teknemi ba\u011flayabiliyordum. \u015eimdi ise 12 metrelik teknem i\u00e7in 17 bin Euro art\u0131 KDV gibi fahi\u015f bir fiyat talep edildi. Art\u0131\u015flar \u00e7ok ani ve kontrols\u00fcz. \u00d6zellikle gen\u00e7 denizciler ve yelken okullar\u0131 bu maliyetler kar\u015f\u0131s\u0131nda ayakta kalam\u0131yor\u201d dedi.<\/p>\n<p>Denizciler artan marina \u00fccretlerinin amat\u00f6r denizcilik ve deniz sporlar\u0131n\u0131 olumsuz etkiledi\u011fini belirterek, devletin fiyatlar\u0131 denetlemesini ve sekt\u00f6re y\u00f6nelik destek sa\u011flamas\u0131n\u0131 talep ediyor.<\/p>\n","protected":false},"excerpt":{"rendered":"<p>D\u00fcnyan\u0131n ve T\u00fcrkiye\u2019nin en g\u00fczel koylar\u0131na sahip olan, turizmin g\u00f6zbebe\u011fi Mu\u011fla\u2019da deniz turizmi \u00f6nemli bir yere sahip. Ancak milyonlarca lira de\u011ferindeki l\u00fcks teknelerin ve daha orta s\u0131n\u0131f teknelerin sahipleri, artan marina ba\u011flama \u00fccretlerinden \u015fikayet\u00e7i. Tekne sahipleri, \u201cBa\u015fka \u00fclkelerde \u00e7ok daha uygun fiyatlarla hizmet alabiliyoruz. T\u00fcrkiye\u2019de bir \u00e7\u00f6z\u00fcm bulunmas\u0131 gerekiyor\u201d diyerek tepkilerini dile getirdi. Marmaris ve&#8230;<\/p>\n","protected":false},"author":1,"featured_media":12338,"comment_status":"open","ping_status":"open","sticky":false,"template":"","format":"standard","meta":{"_crdt_document":"","footnotes":""},"categories":[1],"tags":[],"class_list":["post-12337","post","type-post","status-publish","format-standard","has-post-thumbnail","hentry","category-guncel"],"_links":{"self":[{"href":"https:\/\/www.egemtv.com\/index.php?rest_route=\/wp\/v2\/posts\/12337","targetHints":{"allow":["GET"]}}],"collection":[{"href":"https:\/\/www.egemtv.com\/index.php?rest_route=\/wp\/v2\/posts"}],"about":[{"href":"https:\/\/www.egemtv.com\/index.php?rest_route=\/wp\/v2\/types\/post"}],"author":[{"embeddable":true,"href":"https:\/\/www.egemtv.com\/index.php?rest_route=\/wp\/v2\/users\/1"}],"replies":[{"embeddable":true,"href":"https:\/\/www.egemtv.com\/index.php?rest_route=%2Fwp%2Fv2%2Fcomments&post=12337"}],"version-history":[{"count":1,"href":"https:\/\/www.egemtv.com\/index.php?rest_route=\/wp\/v2\/posts\/12337\/revisions"}],"predecessor-version":[{"id":12339,"href":"https:\/\/www.egemtv.com\/index.php?rest_route=\/wp\/v2\/posts\/12337\/revisions\/12339"}],"wp:featuredmedia":[{"embeddable":true,"href":"https:\/\/www.egemtv.com\/index.php?rest_route=\/wp\/v2\/media\/12338"}],"wp:attachment":[{"href":"https:\/\/www.egemtv.com\/index.php?rest_route=%2Fwp%2Fv2%2Fmedia&parent=12337"}],"wp:term":[{"taxonomy":"category","embeddable":true,"href":"https:\/\/www.egemtv.com\/index.php?rest_route=%2Fwp%2Fv2%2Fcategories&post=12337"},{"taxonomy":"post_tag","embeddable":true,"href":"https:\/\/www.egemtv.com\/index.php?rest_route=%2Fwp%2Fv2%2Ftags&post=12337"}],"curies":[{"name":"wp","href":"https:\/\/api.w.org\/{rel}","templated":true}]}}