{"id":12334,"date":"2025-01-25T13:29:30","date_gmt":"2025-01-25T10:29:30","guid":{"rendered":"https:\/\/www.egemtv.com\/?p=12334"},"modified":"2025-01-25T13:29:32","modified_gmt":"2025-01-25T10:29:32","slug":"agaca-carpan-otomobil-hurdaya-dondu-2-genc-hayatini-kaybetti","status":"publish","type":"post","link":"https:\/\/www.egemtv.com\/?p=12334","title":{"rendered":"A\u011faca \u00e7arpan otomobil hurdaya d\u00f6nd\u00fc, 2 gen\u00e7 hayat\u0131n\u0131 kaybetti"},"content":{"rendered":"<p>Denizli\u2019nin Merkezefendi il\u00e7esinde kontrolden \u00e7\u0131kan otomobil \u00f6nce ref\u00fcje sonra a\u011faca \u00e7arparak durabildi. \u00c7arpman\u0131n etkisiyle hurdaya d\u00f6nen otomobilde 3 ki\u015fi yaralanarak hastanelere sevk edildi. Hastanede yap\u0131lan t\u00fcm m\u00fcdahalelere ra\u011fmen 2 ki\u015fi hayat\u0131n\u0131 kaybederken 1 ki\u015finin ise tedavisi devam ediyor.<br \/>\n<br \/>Kaza, Merkezefendi il\u00e7esi G\u00fcm\u00fc\u015fler Bulvar\u0131\u2019nda meydana geldi. Edinilen bilgilere g\u00f6re; O\u011fuzhan Dirmilli idaresindeki 20 BE 148 plakal\u0131 otomobil seyir halindeyken, G\u00fcm\u00fc\u015f Bulvar\u0131\u2019nda s\u00fcr\u00fcc\u00fcs\u00fcn\u00fcn direksiyon hakimiyetini kaybetmesi sonucu \u00f6nce ref\u00fcje sonra a\u011faca \u00e7arpt\u0131. Kazay\u0131 g\u00f6ren \u00e7evredeki vatanda\u015flar\u0131n ihbar\u0131 \u00fczerine b\u00f6lgeye itfaiye, sa\u011fl\u0131k ve polis ekipleri sevk edildi. \u00c7arpman\u0131n etkisiyle hurdaya d\u00f6nen otomobilde, s\u00fcr\u00fcc\u00fc O\u011fuzhan Dirmilli, yolcu konumundaki Mislina Yarang\u00fcme ve Hacer Nilay Bahar (20) arac\u0131n i\u00e7inde s\u0131k\u0131\u015ft\u0131. B\u00f6lgeye gelen itfaiye ekipleri yaral\u0131lar\u0131 kurtard\u0131ktan sonra sa\u011fl\u0131k ekiplerine teslim etti. Sa\u011fl\u0131k ekipleri olay yerinde ilk m\u00fcdahaleleri yapt\u0131ktan sonra 3 ki\u015fiyi \u00e7evre hastanelere ambulans ile sevk etti.<br \/>\n<br \/>Hastaneye sevk edilen ve tedavi alt\u0131na al\u0131nan yaral\u0131lardan s\u00fcr\u00fcc\u00fc Dirmilli ve Bahar yap\u0131lan t\u00fcm m\u00fcdahalelere ra\u011fmen kurtar\u0131lamad\u0131. Di\u011fer yolcu konumundaki Mislina Yarang\u00fcme\u2019nin ise tedavisinin s\u00fcrd\u00fc\u011f\u00fc \u00f6\u011frenildi. Kazayla ilgili soru\u015fturma ba\u015flat\u0131ld\u0131.<br \/><\/p>\n","protected":false},"excerpt":{"rendered":"<p>Denizli\u2019nin Merkezefendi il\u00e7esinde kontrolden \u00e7\u0131kan otomobil \u00f6nce ref\u00fcje sonra a\u011faca \u00e7arparak durabildi. \u00c7arpman\u0131n etkisiyle hurdaya d\u00f6nen otomobilde 3 ki\u015fi yaralanarak hastanelere sevk edildi. Hastanede yap\u0131lan t\u00fcm m\u00fcdahalelere ra\u011fmen 2 ki\u015fi hayat\u0131n\u0131 kaybederken 1 ki\u015finin ise tedavisi devam ediyor. Kaza, Merkezefendi il\u00e7esi G\u00fcm\u00fc\u015fler Bulvar\u0131\u2019nda meydana geldi. Edinilen bilgilere g\u00f6re; O\u011fuzhan Dirmilli idaresindeki 20 BE 148 plakal\u0131&#8230;<\/p>\n","protected":false},"author":1,"featured_media":12335,"comment_status":"open","ping_status":"open","sticky":false,"template":"","format":"standard","meta":{"_crdt_document":"","footnotes":""},"categories":[5],"tags":[],"class_list":["post-12334","post","type-post","status-publish","format-standard","has-post-thumbnail","hentry","category-asayis"],"_links":{"self":[{"href":"https:\/\/www.egemtv.com\/index.php?rest_route=\/wp\/v2\/posts\/12334","targetHints":{"allow":["GET"]}}],"collection":[{"href":"https:\/\/www.egemtv.com\/index.php?rest_route=\/wp\/v2\/posts"}],"about":[{"href":"https:\/\/www.egemtv.com\/index.php?rest_route=\/wp\/v2\/types\/post"}],"author":[{"embeddable":true,"href":"https:\/\/www.egemtv.com\/index.php?rest_route=\/wp\/v2\/users\/1"}],"replies":[{"embeddable":true,"href":"https:\/\/www.egemtv.com\/index.php?rest_route=%2Fwp%2Fv2%2Fcomments&post=12334"}],"version-history":[{"count":1,"href":"https:\/\/www.egemtv.com\/index.php?rest_route=\/wp\/v2\/posts\/12334\/revisions"}],"predecessor-version":[{"id":12336,"href":"https:\/\/www.egemtv.com\/index.php?rest_route=\/wp\/v2\/posts\/12334\/revisions\/12336"}],"wp:featuredmedia":[{"embeddable":true,"href":"https:\/\/www.egemtv.com\/index.php?rest_route=\/wp\/v2\/media\/12335"}],"wp:attachment":[{"href":"https:\/\/www.egemtv.com\/index.php?rest_route=%2Fwp%2Fv2%2Fmedia&parent=12334"}],"wp:term":[{"taxonomy":"category","embeddable":true,"href":"https:\/\/www.egemtv.com\/index.php?rest_route=%2Fwp%2Fv2%2Fcategories&post=12334"},{"taxonomy":"post_tag","embeddable":true,"href":"https:\/\/www.egemtv.com\/index.php?rest_route=%2Fwp%2Fv2%2Ftags&post=12334"}],"curies":[{"name":"wp","href":"https:\/\/api.w.org\/{rel}","templated":true}]}}