{"id":12331,"date":"2025-01-25T13:29:27","date_gmt":"2025-01-25T10:29:27","guid":{"rendered":"https:\/\/www.egemtv.com\/?p=12331"},"modified":"2025-01-25T13:29:29","modified_gmt":"2025-01-25T10:29:29","slug":"didimde-36-duzensiz-gocmen-yakalandi-1-organizator-tutuklandi","status":"publish","type":"post","link":"https:\/\/www.egemtv.com\/?p=12331","title":{"rendered":"Didim\u2019de 36 d\u00fczensiz g\u00f6\u00e7men yakaland\u0131, 1 organizat\u00f6r tutukland\u0131"},"content":{"rendered":"<p>Ayd\u0131n\u2019\u0131n Didim il\u00e7esinde ger\u00e7ekle\u015ftirilen \u00e7al\u0131\u015fmalar kapsam\u0131nda 36 d\u00fczensiz g\u00f6\u00e7men ile birlikte yakalanan 1 organizat\u00f6r \u00e7\u0131kart\u0131ld\u0131\u011f\u0131 adli makamlarca tutuklanarak cezaevine g\u00f6nderildi.<\/p>\n<p>Edinilen bilgiye g\u00f6re, Ayd\u0131n \u0130l Jandarma Komutanl\u0131\u011f\u0131 GK\u0130T \u015eube M\u00fcd\u00fcrl\u00fc\u011f\u00fc, Sahil G\u00fcvenlik Komutanl\u0131\u011f\u0131 unsurlar\u0131 ve Didim \u0130l\u00e7e Jandarma Komutanl\u0131\u011f\u0131nca g\u00f6\u00e7men ka\u00e7ak\u00e7\u0131l\u0131\u011f\u0131 ve insan ticareti su\u00e7una y\u00f6nelik koordineli \u00e7al\u0131\u015fmada; Didim il\u00e7esi a\u00e7\u0131klar\u0131nda Sahil G\u00fcvenlik Komutanl\u0131\u011f\u0131 unsurlar\u0131nca joker botta 1 organizat\u00f6r ve 36 d\u00fczensiz g\u00f6\u00e7men yakaland\u0131. Yakalanan d\u00fczensiz g\u00f6\u00e7menler Ayd\u0131n G\u00f6\u00e7men \u00d6n Kabul ve Sevk Merkezi\u2019ne (G\u00d6KSEM) teslim edildi. G\u00f6zalt\u0131na al\u0131nan organizat\u00f6r jandarmadaki i\u015flemlerinin ard\u0131ndan sevk edildi\u011fi adliyede \u00e7\u0131kart\u0131ld\u0131\u011f\u0131 adli makamlarca tutuklanarak cezaevine g\u00f6nderildi.<br \/><\/p>\n","protected":false},"excerpt":{"rendered":"<p>Ayd\u0131n\u2019\u0131n Didim il\u00e7esinde ger\u00e7ekle\u015ftirilen \u00e7al\u0131\u015fmalar kapsam\u0131nda 36 d\u00fczensiz g\u00f6\u00e7men ile birlikte yakalanan 1 organizat\u00f6r \u00e7\u0131kart\u0131ld\u0131\u011f\u0131 adli makamlarca tutuklanarak cezaevine g\u00f6nderildi. Edinilen bilgiye g\u00f6re, Ayd\u0131n \u0130l Jandarma Komutanl\u0131\u011f\u0131 GK\u0130T \u015eube M\u00fcd\u00fcrl\u00fc\u011f\u00fc, Sahil G\u00fcvenlik Komutanl\u0131\u011f\u0131 unsurlar\u0131 ve Didim \u0130l\u00e7e Jandarma Komutanl\u0131\u011f\u0131nca g\u00f6\u00e7men ka\u00e7ak\u00e7\u0131l\u0131\u011f\u0131 ve insan ticareti su\u00e7una y\u00f6nelik koordineli \u00e7al\u0131\u015fmada; Didim il\u00e7esi a\u00e7\u0131klar\u0131nda Sahil G\u00fcvenlik Komutanl\u0131\u011f\u0131 unsurlar\u0131nca&#8230;<\/p>\n","protected":false},"author":1,"featured_media":12332,"comment_status":"open","ping_status":"open","sticky":false,"template":"","format":"standard","meta":{"_crdt_document":"","footnotes":""},"categories":[5],"tags":[],"class_list":["post-12331","post","type-post","status-publish","format-standard","has-post-thumbnail","hentry","category-asayis"],"_links":{"self":[{"href":"https:\/\/www.egemtv.com\/index.php?rest_route=\/wp\/v2\/posts\/12331","targetHints":{"allow":["GET"]}}],"collection":[{"href":"https:\/\/www.egemtv.com\/index.php?rest_route=\/wp\/v2\/posts"}],"about":[{"href":"https:\/\/www.egemtv.com\/index.php?rest_route=\/wp\/v2\/types\/post"}],"author":[{"embeddable":true,"href":"https:\/\/www.egemtv.com\/index.php?rest_route=\/wp\/v2\/users\/1"}],"replies":[{"embeddable":true,"href":"https:\/\/www.egemtv.com\/index.php?rest_route=%2Fwp%2Fv2%2Fcomments&post=12331"}],"version-history":[{"count":1,"href":"https:\/\/www.egemtv.com\/index.php?rest_route=\/wp\/v2\/posts\/12331\/revisions"}],"predecessor-version":[{"id":12333,"href":"https:\/\/www.egemtv.com\/index.php?rest_route=\/wp\/v2\/posts\/12331\/revisions\/12333"}],"wp:featuredmedia":[{"embeddable":true,"href":"https:\/\/www.egemtv.com\/index.php?rest_route=\/wp\/v2\/media\/12332"}],"wp:attachment":[{"href":"https:\/\/www.egemtv.com\/index.php?rest_route=%2Fwp%2Fv2%2Fmedia&parent=12331"}],"wp:term":[{"taxonomy":"category","embeddable":true,"href":"https:\/\/www.egemtv.com\/index.php?rest_route=%2Fwp%2Fv2%2Fcategories&post=12331"},{"taxonomy":"post_tag","embeddable":true,"href":"https:\/\/www.egemtv.com\/index.php?rest_route=%2Fwp%2Fv2%2Ftags&post=12331"}],"curies":[{"name":"wp","href":"https:\/\/api.w.org\/{rel}","templated":true}]}}