{"id":12328,"date":"2025-01-25T13:24:59","date_gmt":"2025-01-25T10:24:59","guid":{"rendered":"https:\/\/www.egemtv.com\/?p=12328"},"modified":"2025-01-25T13:25:02","modified_gmt":"2025-01-25T10:25:02","slug":"germencikte-uyusturucu-operasyonu-3-tutuklama","status":"publish","type":"post","link":"https:\/\/www.egemtv.com\/?p=12328","title":{"rendered":"Germencik\u2019te uyu\u015fturucu operasyonu: 3 tutuklama"},"content":{"rendered":"<p>Ayd\u0131n\u2019\u0131n Germencik il\u00e7esinde jandarma ekipleri taraf\u0131ndan d\u00fczenlenen uyu\u015fturucu operasyonunda g\u00f6zalt\u0131na al\u0131nan 3 \u015f\u00fcpheli tutuklanarak cezaevine g\u00f6nderildi.<\/p>\n<p>Ayd\u0131n\u2019da jandarma ekipleri uyu\u015fturucu madde kullan\u0131m\u0131 ve ticaretinin \u00f6nlenmesine y\u00f6nelik \u00e7al\u0131\u015fmalar\u0131n\u0131 aral\u0131ks\u0131z s\u00fcrd\u00fcr\u00fcyor. Edinilen bilgiye g\u00f6re, Ayd\u0131n \u0130l Jandarma Komutanl\u0131\u011f\u0131 KOM \u015eube M\u00fcd\u00fcrl\u00fc\u011f\u00fc ve Germencik \u0130l\u00e7e Jandarma Komutanl\u0131\u011f\u0131 taraf\u0131ndan \u2019uyu\u015fturucu madde imal ve ticareti\u2019 su\u00e7una y\u00f6nelik ger\u00e7ekle\u015ftirilen \u00e7al\u0131\u015fma kapsam\u0131nda operasyon i\u00e7in d\u00fc\u011fmeye bas\u0131ld\u0131. Ku\u015fadas\u0131-Germencik Karayolu Ortaklar mevkiinde s\u00fcr\u00fcc\u00fcl\u00fc\u011f\u00fcn\u00fc \u0130.T.\u2019nin yapt\u0131\u011f\u0131 ve i\u00e7erisinde A.\u00c7. ve O.B.O. \u015f\u00fcphelilerin bulundu\u011fu ara\u00e7 durduruldu. \u015e\u00fcpheli \u015fah\u0131slar ve ara\u00e7ta yap\u0131lan aramalarda; 103 gram metanfetamin, 1 adet uyu\u015fturucu kullanma aparat\u0131, 1 adet anahtar \u015feklinde terazi, 3 adet cep telefonu ele ge\u00e7irildi. \u00d6te yandan ara\u00e7 s\u00fcr\u00fcc\u00fcs\u00fcne trafik jandarmas\u0131 taraf\u0131ndan ehliyetsiz ara\u00e7 kullanmaktan 18 bin 678 TL ve uyu\u015fturucu maddenin etkisi halinde ara\u00e7 kullanmaktan 47 bin 842 TL olmak \u00fczere toplam 66 bin 520 TL idari yapt\u0131r\u0131m cezas\u0131 uyguland\u0131. Jandarmadaki i\u015flemlerinin ard\u0131ndan adliyeye sevk edilen \u015f\u00fcpheliler \u00e7\u0131kart\u0131ld\u0131\u011f\u0131 mahkemece tutuklanarak cezaevine g\u00f6nderildi.<br \/><\/p>\n","protected":false},"excerpt":{"rendered":"<p>Ayd\u0131n\u2019\u0131n Germencik il\u00e7esinde jandarma ekipleri taraf\u0131ndan d\u00fczenlenen uyu\u015fturucu operasyonunda g\u00f6zalt\u0131na al\u0131nan 3 \u015f\u00fcpheli tutuklanarak cezaevine g\u00f6nderildi. Ayd\u0131n\u2019da jandarma ekipleri uyu\u015fturucu madde kullan\u0131m\u0131 ve ticaretinin \u00f6nlenmesine y\u00f6nelik \u00e7al\u0131\u015fmalar\u0131n\u0131 aral\u0131ks\u0131z s\u00fcrd\u00fcr\u00fcyor. Edinilen bilgiye g\u00f6re, Ayd\u0131n \u0130l Jandarma Komutanl\u0131\u011f\u0131 KOM \u015eube M\u00fcd\u00fcrl\u00fc\u011f\u00fc ve Germencik \u0130l\u00e7e Jandarma Komutanl\u0131\u011f\u0131 taraf\u0131ndan \u2019uyu\u015fturucu madde imal ve ticareti\u2019 su\u00e7una y\u00f6nelik ger\u00e7ekle\u015ftirilen \u00e7al\u0131\u015fma kapsam\u0131nda&#8230;<\/p>\n","protected":false},"author":1,"featured_media":12329,"comment_status":"open","ping_status":"open","sticky":false,"template":"","format":"standard","meta":{"_crdt_document":"","footnotes":""},"categories":[5],"tags":[],"class_list":["post-12328","post","type-post","status-publish","format-standard","has-post-thumbnail","hentry","category-asayis"],"_links":{"self":[{"href":"https:\/\/www.egemtv.com\/index.php?rest_route=\/wp\/v2\/posts\/12328","targetHints":{"allow":["GET"]}}],"collection":[{"href":"https:\/\/www.egemtv.com\/index.php?rest_route=\/wp\/v2\/posts"}],"about":[{"href":"https:\/\/www.egemtv.com\/index.php?rest_route=\/wp\/v2\/types\/post"}],"author":[{"embeddable":true,"href":"https:\/\/www.egemtv.com\/index.php?rest_route=\/wp\/v2\/users\/1"}],"replies":[{"embeddable":true,"href":"https:\/\/www.egemtv.com\/index.php?rest_route=%2Fwp%2Fv2%2Fcomments&post=12328"}],"version-history":[{"count":1,"href":"https:\/\/www.egemtv.com\/index.php?rest_route=\/wp\/v2\/posts\/12328\/revisions"}],"predecessor-version":[{"id":12330,"href":"https:\/\/www.egemtv.com\/index.php?rest_route=\/wp\/v2\/posts\/12328\/revisions\/12330"}],"wp:featuredmedia":[{"embeddable":true,"href":"https:\/\/www.egemtv.com\/index.php?rest_route=\/wp\/v2\/media\/12329"}],"wp:attachment":[{"href":"https:\/\/www.egemtv.com\/index.php?rest_route=%2Fwp%2Fv2%2Fmedia&parent=12328"}],"wp:term":[{"taxonomy":"category","embeddable":true,"href":"https:\/\/www.egemtv.com\/index.php?rest_route=%2Fwp%2Fv2%2Fcategories&post=12328"},{"taxonomy":"post_tag","embeddable":true,"href":"https:\/\/www.egemtv.com\/index.php?rest_route=%2Fwp%2Fv2%2Ftags&post=12328"}],"curies":[{"name":"wp","href":"https:\/\/api.w.org\/{rel}","templated":true}]}}