{"id":12325,"date":"2025-01-25T13:08:12","date_gmt":"2025-01-25T10:08:12","guid":{"rendered":"https:\/\/www.egemtv.com\/?p=12325"},"modified":"2025-01-25T13:08:14","modified_gmt":"2025-01-25T10:08:14","slug":"ataturk-heykeli-kalici-yerine-kavustu","status":"publish","type":"post","link":"https:\/\/www.egemtv.com\/?p=12325","title":{"rendered":"Atat\u00fcrk Heykeli kal\u0131c\u0131 yerine kavu\u015ftu"},"content":{"rendered":"<p>Manisa\u2019da, 1961 y\u0131l\u0131nda yap\u0131lan ve y\u0131llar i\u00e7inde farkl\u0131 alanlara ta\u015f\u0131nan ya da bir\u00e7ok kez kald\u0131r\u0131lan Atat\u00fcrk heykeli, Manisa B\u00fcy\u00fck\u015fehir Belediye Ba\u015fkan\u0131 Ferdi Zeyrek\u2019in talimat\u0131 ile Manisa Kurtulu\u015f M\u00fczesi\u2019nin tamamlanan binas\u0131n\u0131n \u00f6n\u00fcndeki yerine konuldu. Heykel, Manisa B\u00fcy\u00fck\u015fehir Belediyesi\u2019nin hemen yan\u0131ndaki bu alanda halk\u0131 selamlamaya ba\u015flad\u0131.<br \/>\n<br \/>Manisa B\u00fcy\u00fck\u015fehir Belediye Ba\u015fkan\u0131 Mimar Ferdi Zeyrek, \u201cS\u00fcrekli yer de\u011fi\u015fikli\u011fine u\u011frayan, \u00fclkemizin kurucusu, Ulu \u00d6nder Mustafa Kemal Atat\u00fcrk\u2019\u00fcn heykeli, belediye binam\u0131z\u0131n yan\u0131nda yer alan ve Kurtulu\u015f Sava\u015f\u0131 y\u0131llar\u0131ndaki Manisa\u2019y\u0131 anlatacak Manisa Kurtulu\u015f M\u00fczesi \u00f6n\u00fcne konuldu. Atat\u00fcrk heykeli art\u0131k vatanda\u015flar\u0131 buradan selamlayacak\u201d dedi.<br \/>\n<br \/>1961 y\u0131l\u0131nda yapt\u0131r\u0131lan Atat\u00fcrk heykeli, aradan ge\u00e7en y\u0131llarda pek \u00e7ok kez yer de\u011fi\u015fikli\u011fine u\u011frad\u0131 ya da kimi zaman kald\u0131r\u0131ld\u0131. \u0130lk olarak Cumhuriyet Meydan\u0131\u2019na dikilen sol eli havada olan heykel, 1980\u2019li y\u0131llar\u0131n ortas\u0131nda farkl\u0131 kararlarla depoya kald\u0131r\u0131ld\u0131, 1989 y\u0131l\u0131nda depodan \u00e7\u0131kar\u0131larak bu kez Laleli Meydan\u0131\u2019na ta\u015f\u0131nd\u0131. Sonraki y\u0131llarda K\u00fclt\u00fcr Varl\u0131\u011f\u0131 olarak koruma alt\u0131na al\u0131nan heykelin bulundu\u011fu alan\u0131n bir b\u00f6l\u00fcm\u00fc bir otelin bah\u00e7esinde bir b\u00f6l\u00fcm\u00fc de kald\u0131r\u0131mda kald\u0131. Heykel, kurul karar\u0131 ile koruma alt\u0131nda oldu\u011fu i\u00e7in \u00f6nce yeri de\u011fi\u015ftirilemedi ve ta\u015f\u0131nmas\u0131 i\u00e7in kurulun izni beklendi. Heykel, 2014 y\u0131l\u0131nda belediye hizmet binas\u0131 yan\u0131ndaki milli m\u00fccadele kahramanlar\u0131n\u0131n isimlerinin yer ald\u0131\u011f\u0131 Kurtulu\u015f Kahramanlar\u0131 An\u0131t\u0131 alan\u0131na ta\u015f\u0131nd\u0131.<\/p>\n<p>M\u00fcze in\u015faat\u0131 i\u00e7in ba\u015flayan \u00e7al\u0131\u015fma nedeniyle koruma alt\u0131na al\u0131nd\u0131<br \/>\n<br \/>Manisa B\u00fcy\u00fck\u015fehir Belediyesi taraf\u0131ndan 28 Nisan 2023 tarihinde temeli at\u0131lan Manisa Kurtulu\u015f M\u00fczesi in\u015faat\u0131 dolay\u0131s\u0131yla heykel yerinden kald\u0131r\u0131l\u0131p B\u00fcy\u00fck\u015fehir Belediyesi\u2019nin \u015fantiyesinde koruma alt\u0131na al\u0131nd\u0131. Manisa Kurtulu\u015f M\u00fczesi in\u015faat\u0131n\u0131n tamamlanmas\u0131yla birlikte Manisa B\u00fcy\u00fck\u015fehir Belediye Ba\u015fkan\u0131 Ferdi Zeyrek, heykelin yeni yerine konulmas\u0131 talimat\u0131 verdi. Atat\u00fcrk heykeli, Manisa\u2019n\u0131n Kurtulu\u015f Sava\u015f\u0131 g\u00fcnlerini anlatacak Manisa Kurtulu\u015f M\u00fczesi ile Manisa B\u00fcy\u00fck\u015fehir Belediyesi hizmet binas\u0131 aras\u0131ndaki yeni yerine konuldu.<br \/>\n<br \/>Mustafa Kemal Atat\u00fcrk\u2019\u00fcn heykelinin hak etti\u011fi \u015fekilde kal\u0131c\u0131 bir yere kavu\u015fmas\u0131ndan b\u00fcy\u00fck mutluluk duydu\u011funu belirten Ba\u015fkan Ferdi Zeyrek, \u201cBu heykel, yaln\u0131zca bir sanat eseri de\u011fil, ayn\u0131 zamanda ulusal ba\u011f\u0131ms\u0131zl\u0131k m\u00fccadelemizin ve Cumhuriyetimizin simgesi olan e\u015fsiz bir de\u011ferdir. 1961 y\u0131l\u0131nda \u015fehrimize kazand\u0131r\u0131lan bu heykel, y\u0131llar boyunca bir\u00e7ok kez yer de\u011fi\u015ftirdi ve hak etti\u011fi de\u011feri tam anlam\u0131yla bulamad\u0131. \u015eimdi ise \u015fehrimizin merkezinde, belediye binam\u0131z\u0131n yan\u0131nda, herkesin kolayca ziyaret edebilece\u011fi, gururla izleyebilece\u011fi bu yeni yerinde halk\u0131m\u0131z\u0131 selamlayacak. Atat\u00fcrk heykeli, her bak\u0131\u015fta bize ba\u011f\u0131ms\u0131zl\u0131k m\u00fccadelemizi, Cumhuriyetimizin kurulu\u015f felsefesini ve birlik ruhumuzu hat\u0131rlatacakt\u0131r. Atat\u00fcrk\u2019\u00fcn miras\u0131n\u0131 ya\u015fatmak, gelecek nesillere aktarmak ve onu onurland\u0131rmak, bizim en \u00f6nemli g\u00f6revimizdir. Bu nedenle, bu anlaml\u0131 eserin nihayet huzurlu ve de\u011ferine yak\u0131\u015fan bir yerde sergilenmesi, hepimiz i\u00e7in \u00f6nemlidir. Vatanda\u015flar\u0131m\u0131z\u0131n bu heykelin \u00f6n\u00fcnden ge\u00e7erken yaln\u0131zca g\u00f6rsel bir sanat eseri de\u011fil, ayn\u0131 zamanda tarihimizin en g\u00fc\u00e7l\u00fc d\u00f6nemlerinden birinin sembol\u00fcn\u00fc g\u00f6rd\u00fc\u011f\u00fcn\u00fc hissetmesini diliyorum. Atat\u00fcrk\u2019\u00fcn i\u015faret etti\u011fi muas\u0131r medeniyetler yolunda ilerlerken bu gibi de\u011ferlerimizin k\u0131ymetini bilmeye devam edece\u011fiz\u201d dedi.<br \/><\/p>\n","protected":false},"excerpt":{"rendered":"<p>Manisa\u2019da, 1961 y\u0131l\u0131nda yap\u0131lan ve y\u0131llar i\u00e7inde farkl\u0131 alanlara ta\u015f\u0131nan ya da bir\u00e7ok kez kald\u0131r\u0131lan Atat\u00fcrk heykeli, Manisa B\u00fcy\u00fck\u015fehir Belediye Ba\u015fkan\u0131 Ferdi Zeyrek\u2019in talimat\u0131 ile Manisa Kurtulu\u015f M\u00fczesi\u2019nin tamamlanan binas\u0131n\u0131n \u00f6n\u00fcndeki yerine konuldu. Heykel, Manisa B\u00fcy\u00fck\u015fehir Belediyesi\u2019nin hemen yan\u0131ndaki bu alanda halk\u0131 selamlamaya ba\u015flad\u0131. Manisa B\u00fcy\u00fck\u015fehir Belediye Ba\u015fkan\u0131 Mimar Ferdi Zeyrek, \u201cS\u00fcrekli yer de\u011fi\u015fikli\u011fine u\u011frayan,&#8230;<\/p>\n","protected":false},"author":1,"featured_media":12326,"comment_status":"open","ping_status":"open","sticky":false,"template":"","format":"standard","meta":{"_crdt_document":"","footnotes":""},"categories":[127],"tags":[],"class_list":["post-12325","post","type-post","status-publish","format-standard","has-post-thumbnail","hentry","category-siyaset"],"_links":{"self":[{"href":"https:\/\/www.egemtv.com\/index.php?rest_route=\/wp\/v2\/posts\/12325","targetHints":{"allow":["GET"]}}],"collection":[{"href":"https:\/\/www.egemtv.com\/index.php?rest_route=\/wp\/v2\/posts"}],"about":[{"href":"https:\/\/www.egemtv.com\/index.php?rest_route=\/wp\/v2\/types\/post"}],"author":[{"embeddable":true,"href":"https:\/\/www.egemtv.com\/index.php?rest_route=\/wp\/v2\/users\/1"}],"replies":[{"embeddable":true,"href":"https:\/\/www.egemtv.com\/index.php?rest_route=%2Fwp%2Fv2%2Fcomments&post=12325"}],"version-history":[{"count":1,"href":"https:\/\/www.egemtv.com\/index.php?rest_route=\/wp\/v2\/posts\/12325\/revisions"}],"predecessor-version":[{"id":12327,"href":"https:\/\/www.egemtv.com\/index.php?rest_route=\/wp\/v2\/posts\/12325\/revisions\/12327"}],"wp:featuredmedia":[{"embeddable":true,"href":"https:\/\/www.egemtv.com\/index.php?rest_route=\/wp\/v2\/media\/12326"}],"wp:attachment":[{"href":"https:\/\/www.egemtv.com\/index.php?rest_route=%2Fwp%2Fv2%2Fmedia&parent=12325"}],"wp:term":[{"taxonomy":"category","embeddable":true,"href":"https:\/\/www.egemtv.com\/index.php?rest_route=%2Fwp%2Fv2%2Fcategories&post=12325"},{"taxonomy":"post_tag","embeddable":true,"href":"https:\/\/www.egemtv.com\/index.php?rest_route=%2Fwp%2Fv2%2Ftags&post=12325"}],"curies":[{"name":"wp","href":"https:\/\/api.w.org\/{rel}","templated":true}]}}