{"id":12322,"date":"2025-01-25T13:08:09","date_gmt":"2025-01-25T10:08:09","guid":{"rendered":"https:\/\/www.egemtv.com\/?p=12322"},"modified":"2025-01-25T13:08:11","modified_gmt":"2025-01-25T10:08:11","slug":"denizli-buyuksehirden-karikatur-ustasi-latif-demirciye-vefa","status":"publish","type":"post","link":"https:\/\/www.egemtv.com\/?p=12322","title":{"rendered":"Denizli B\u00fcy\u00fck\u015fehirden karikat\u00fcr ustas\u0131 Latif Demirci\u2019ye vefa"},"content":{"rendered":"<p>Denizli B\u00fcy\u00fck\u015fehir Belediyesi  ev sahipli\u011finde T\u00fcrk mizah\u0131n\u0131n \u00f6nemli isimlerinden olan Latif Demirci\u2019nin an\u0131s\u0131na \u201cG\u00fcnl\u00fck Hayat\u0131n Mizah\u0131\u201d adl\u0131 bir karikat\u00fcr sergisinin a\u00e7\u0131l\u0131\u015f\u0131 ger\u00e7ekle\u015ftirildi. 55 ayr\u0131 eserin be\u011feniye sunuldu\u011fu bu \u00f6zel sergi 1 \u015eubat\u2019a kadar ziyaret edilebilecek.<\/p>\n<p>Aslen Denizlili olan T\u00fcrk mizah\u0131n\u0131n sembol isimlerinden Latif Demirci\u2019yi anmak amac\u0131yla haz\u0131rlanan \u201cG\u00fcnl\u00fck Hayat\u0131n Mizah\u0131\u201d adl\u0131 karikat\u00fcr sergisi Denizli B\u00fcy\u00fck\u015fehir Belediyesi Turan Bahad\u0131r Sergi Salonu\u2019nda a\u00e7\u0131ld\u0131.<br \/>\n<br \/>Serginin a\u00e7\u0131l\u0131\u015f\u0131na, Denizli B\u00fcy\u00fck\u015fehir Belediyesi Ba\u015fkanvekili Ali Mar\u0131m, B\u00fcy\u00fck\u015fehir Belediyesi K\u00fclt\u00fcr ve Sosyal \u0130\u015fler Dairesi Ba\u015fkan\u0131 Mehmet Sel\u00e7uk, sanatseverler ve \u00e7ok say\u0131da davetli kat\u0131ld\u0131.<\/p>\n<p>Program\u0131n a\u00e7\u0131l\u0131\u015f konu\u015fmas\u0131n\u0131 yapan Sel\u00e7uk, Latif Demirci\u2019nin aslen Denizlili oldu\u011funu belirterek ya\u015fam\u0131 boyunca \u00e7ok \u00f6nemli eserlere imza att\u0131\u011f\u0131n\u0131 s\u00f6yledi. Sel\u00e7uk, \u201cG\u0131rg\u0131r ekol\u00fcn\u00fcn temsilcilerinden biri Demirci, G\u0131rg\u0131r Dergisi\u2019nin d\u00fcnyan\u0131n en iyi kinci mizah dergisi olmas\u0131nda \u00e7ok b\u00fcy\u00fck eme\u011fi vard\u0131.  B\u00fcy\u00fck\u015fehir Belediyemizin \u00f6nderli\u011finde b\u00f6yle bir sergiyi a\u00e7mak hepimizi \u00e7ok heyecanland\u0131rd\u0131. Ailesi \u00e7ok \u00f6zel bir sergi haz\u0131rlad\u0131 bize, umar\u0131m be\u011fenirsiniz\u201d diye konu\u015ftu.<\/p>\n<p>1 \u015eubat\u2019a kadar sergi sanatseverleri bekliyor<br \/>\n<br \/>Ba\u015fkanvekili Ali Mar\u0131m ise, sanat\u0131n her etkinli\u011fini Denizlililerle bulu\u015fturmak i\u00e7in gayret ettiklerini s\u00f6yledi. Ba\u015fkan Vekili Mar\u0131m, \u201cDenizli\u2019yi sanat\u0131n ba\u015fkenti yapmak i\u00e7in her g\u00fcn her sokakta, mahallede, salonda k\u00fclt\u00fcrel etkinliklere imza at\u0131yoruz. Sizlerin verdi\u011fi destek ve enerji ile daha fazla i\u015flere imza atmak i\u00e7in \u00e7al\u0131\u015f\u0131yoruz. Denizli\u2019yi her alanda ileriye ta\u015f\u0131mak i\u00e7in gayret ediyoruz. \u00d6nce insan \u015fiar\u0131yla sanat, k\u00fclt\u00fcr, e\u011fitim ve di\u011fer alanlarda \u00e7al\u0131\u015fmalar\u0131m\u0131z\u0131 s\u00fcrd\u00fcrece\u011fiz. Latif Demirci ile gurur duyuyoruz. Kendisine rahmet diliyor ve sayg\u0131yla an\u0131yorum\u201d ifadelerini kulland\u0131. Konu\u015fmalar\u0131n ard\u0131ndan Ba\u015fkanvekili Mar\u0131m ve beraberindekiler, Latif Demirci\u2019nin eserlerinden olu\u015fan sergiyi tek tek inceledi. Sergi 1 \u015eubat\u2019a kadar Turan Bahad\u0131r Sergi Salonu\u2019nda ziyaret edilebilecek.<br \/><\/p>\n","protected":false},"excerpt":{"rendered":"<p>Denizli B\u00fcy\u00fck\u015fehir Belediyesi ev sahipli\u011finde T\u00fcrk mizah\u0131n\u0131n \u00f6nemli isimlerinden olan Latif Demirci\u2019nin an\u0131s\u0131na \u201cG\u00fcnl\u00fck Hayat\u0131n Mizah\u0131\u201d adl\u0131 bir karikat\u00fcr sergisinin a\u00e7\u0131l\u0131\u015f\u0131 ger\u00e7ekle\u015ftirildi. 55 ayr\u0131 eserin be\u011feniye sunuldu\u011fu bu \u00f6zel sergi 1 \u015eubat\u2019a kadar ziyaret edilebilecek. Aslen Denizlili olan T\u00fcrk mizah\u0131n\u0131n sembol isimlerinden Latif Demirci\u2019yi anmak amac\u0131yla haz\u0131rlanan \u201cG\u00fcnl\u00fck Hayat\u0131n Mizah\u0131\u201d adl\u0131 karikat\u00fcr sergisi Denizli B\u00fcy\u00fck\u015fehir&#8230;<\/p>\n","protected":false},"author":1,"featured_media":12323,"comment_status":"open","ping_status":"open","sticky":false,"template":"","format":"standard","meta":{"_crdt_document":"","footnotes":""},"categories":[1],"tags":[],"class_list":["post-12322","post","type-post","status-publish","format-standard","has-post-thumbnail","hentry","category-guncel"],"_links":{"self":[{"href":"https:\/\/www.egemtv.com\/index.php?rest_route=\/wp\/v2\/posts\/12322","targetHints":{"allow":["GET"]}}],"collection":[{"href":"https:\/\/www.egemtv.com\/index.php?rest_route=\/wp\/v2\/posts"}],"about":[{"href":"https:\/\/www.egemtv.com\/index.php?rest_route=\/wp\/v2\/types\/post"}],"author":[{"embeddable":true,"href":"https:\/\/www.egemtv.com\/index.php?rest_route=\/wp\/v2\/users\/1"}],"replies":[{"embeddable":true,"href":"https:\/\/www.egemtv.com\/index.php?rest_route=%2Fwp%2Fv2%2Fcomments&post=12322"}],"version-history":[{"count":1,"href":"https:\/\/www.egemtv.com\/index.php?rest_route=\/wp\/v2\/posts\/12322\/revisions"}],"predecessor-version":[{"id":12324,"href":"https:\/\/www.egemtv.com\/index.php?rest_route=\/wp\/v2\/posts\/12322\/revisions\/12324"}],"wp:featuredmedia":[{"embeddable":true,"href":"https:\/\/www.egemtv.com\/index.php?rest_route=\/wp\/v2\/media\/12323"}],"wp:attachment":[{"href":"https:\/\/www.egemtv.com\/index.php?rest_route=%2Fwp%2Fv2%2Fmedia&parent=12322"}],"wp:term":[{"taxonomy":"category","embeddable":true,"href":"https:\/\/www.egemtv.com\/index.php?rest_route=%2Fwp%2Fv2%2Fcategories&post=12322"},{"taxonomy":"post_tag","embeddable":true,"href":"https:\/\/www.egemtv.com\/index.php?rest_route=%2Fwp%2Fv2%2Ftags&post=12322"}],"curies":[{"name":"wp","href":"https:\/\/api.w.org\/{rel}","templated":true}]}}