{"id":12319,"date":"2025-01-25T13:08:08","date_gmt":"2025-01-25T10:08:08","guid":{"rendered":"https:\/\/www.egemtv.com\/?p=12319"},"modified":"2025-01-25T13:08:09","modified_gmt":"2025-01-25T10:08:09","slug":"muftu-pamuk-bir-an-once-ummet-olma-bilinciyle-iman-kardesligimizi-gozden-gecirelim","status":"publish","type":"post","link":"https:\/\/www.egemtv.com\/?p=12319","title":{"rendered":"M\u00fcft\u00fc Pamuk; \u201cBir an \u00f6nce \u00fcmmet olma bilinciyle iman karde\u015fli\u011fimizi g\u00f6zden ge\u00e7irelim\u201d"},"content":{"rendered":"<p>Denizli \u0130l M\u00fcft\u00fcs\u00fc Abdullah Pamuk, Mira\u00e7 Kandili nedeniyle yay\u0131mlad\u0131\u011f\u0131 mesajda, \u201cBasiretsizlerden, vicdans\u0131zlardan, zalimlerden yana asla taraf olmayal\u0131m. Kud\u00fcs\u2019\u00fc ve \u0130slam beldelerini i\u015fgale yeltenenlere, \u0131slah ad\u0131 alt\u0131nda yery\u00fcz\u00fcn\u00fc ifsat edenlere f\u0131rsat vermemesi i\u00e7in bu gecede Cenab-\u0131 Hakka yalvaral\u0131m\u201d dedi.<\/p>\n<p>Denizli \u0130l M\u00fcft\u00fcs\u00fc Abdullah Pamuk, Mira\u00e7 Kandili nedeniyle yay\u0131mlad\u0131\u011f\u0131 mesajda \u0130slam dininde Hicri takvimi esas alan be\u015f \u00f6nemli gece bulundu\u011funu belirtti. . \u00dc\u00e7 aylar\u0131n ilki olarak kabul g\u00f6ren Recep ay\u0131n\u0131n 27.gecesi Mira\u00e7 kandili olarak kutlan\u0131ld\u0131\u011f\u0131n\u0131 belirten mesajda, \u201c\u0130slam dininde Hicri takvimi esas alan be\u015f \u00f6nemli gece bulunmaktad\u0131r. \u00dc\u00e7 aylar\u0131n ilki olarak kabul g\u00f6ren Recep ay\u0131n\u0131n 27.gecesi Mira\u00e7 kandili olarak kutlanmaktad\u0131r. Mira\u00e7 kelimesi, s\u00f6zl\u00fckte &#8220;merdiven&#8221;, &#8220;y\u00fckselecek yer&#8221;, &#8220;en y\u00fcksek makam&#8221; manalar\u0131na gelmektedir. \u0130slam \u00e2leminde &#8220;Allah\u2019a y\u00fckseli\u015f ve ar\u0131nma&#8221; olarak kabul edilen Mira\u00e7 Kandilini bu y\u0131l 26 Ocak Pazar g\u00fcn\u00fc idrak edece\u011fiz. Geliniz, bir an \u00f6nce \u00fcmmet olma bilinciyle iman karde\u015fli\u011fimizi g\u00f6zden ge\u00e7irelim. \u0130\u00e7inde bulundu\u011fumuz zorluklardan, ac\u0131lardan, mahrumiyetlerden kurtulabilmek i\u00e7in her birimiz g\u00fcc\u00fcm\u00fcz nispetinde \u00e7al\u0131\u015fal\u0131m. Yery\u00fcz\u00fcndeki b\u00fct\u00fcn mazlum karde\u015flerimizin ac\u0131s\u0131n\u0131 y\u00fcre\u011finde hisseden ve onlara yard\u0131m i\u00e7in maddi-manevi varl\u0131\u011f\u0131n\u0131 seferber eden samimi M\u00fcsl\u00fcmanlar olmaya gayret g\u00f6sterelim. Basiretsizlerden, vicdans\u0131zlardan, zalimlerden yana asla taraf olmayal\u0131m. Kud\u00fcs\u2019\u00fc ve \u0130slam beldelerini i\u015fgale yeltenenlere, \u0131slah ad\u0131 alt\u0131nda yery\u00fcz\u00fcn\u00fc ifsat edenlere f\u0131rsat vermemesi i\u00e7in bu gecede Cenab-\u0131 Hakka yalvaral\u0131m. Allaha kullukta en y\u00fcce de\u011ferleri simgeleyen Mira\u00e7 Gecesinin, Mescidi Aksan\u0131n \u00f6zg\u00fcrl\u00fc\u011f\u00fcne, Gazze, Do\u011fu T\u00fcrkistan ve t\u00fcm d\u00fcnyada zul\u00fcm g\u00f6ren karde\u015flerimizin kurtulu\u015funa, M\u00fcsl\u00fcmanlar\u0131n birlik, beraberlik ve karde\u015fli\u011finin peki\u015fmesine ve insanl\u0131\u011f\u0131n bar\u0131\u015f, huzur ve hidayetine vesile olmas\u0131n\u0131 Y\u00fcce Rabbimizden niyaz ediyor, B\u00fct\u00fcn \u0130slam \u00e2leminin Mira\u00e7 Gecesini tebrik ediyorum\u201d dedi.<br \/><\/p>\n","protected":false},"excerpt":{"rendered":"<p>Denizli \u0130l M\u00fcft\u00fcs\u00fc Abdullah Pamuk, Mira\u00e7 Kandili nedeniyle yay\u0131mlad\u0131\u011f\u0131 mesajda, \u201cBasiretsizlerden, vicdans\u0131zlardan, zalimlerden yana asla taraf olmayal\u0131m. Kud\u00fcs\u2019\u00fc ve \u0130slam beldelerini i\u015fgale yeltenenlere, \u0131slah ad\u0131 alt\u0131nda yery\u00fcz\u00fcn\u00fc ifsat edenlere f\u0131rsat vermemesi i\u00e7in bu gecede Cenab-\u0131 Hakka yalvaral\u0131m\u201d dedi. Denizli \u0130l M\u00fcft\u00fcs\u00fc Abdullah Pamuk, Mira\u00e7 Kandili nedeniyle yay\u0131mlad\u0131\u011f\u0131 mesajda \u0130slam dininde Hicri takvimi esas alan be\u015f&#8230;<\/p>\n","protected":false},"author":1,"featured_media":12320,"comment_status":"open","ping_status":"open","sticky":false,"template":"","format":"standard","meta":{"_crdt_document":"","footnotes":""},"categories":[123],"tags":[],"class_list":["post-12319","post","type-post","status-publish","format-standard","has-post-thumbnail","hentry","category-gundem"],"_links":{"self":[{"href":"https:\/\/www.egemtv.com\/index.php?rest_route=\/wp\/v2\/posts\/12319","targetHints":{"allow":["GET"]}}],"collection":[{"href":"https:\/\/www.egemtv.com\/index.php?rest_route=\/wp\/v2\/posts"}],"about":[{"href":"https:\/\/www.egemtv.com\/index.php?rest_route=\/wp\/v2\/types\/post"}],"author":[{"embeddable":true,"href":"https:\/\/www.egemtv.com\/index.php?rest_route=\/wp\/v2\/users\/1"}],"replies":[{"embeddable":true,"href":"https:\/\/www.egemtv.com\/index.php?rest_route=%2Fwp%2Fv2%2Fcomments&post=12319"}],"version-history":[{"count":1,"href":"https:\/\/www.egemtv.com\/index.php?rest_route=\/wp\/v2\/posts\/12319\/revisions"}],"predecessor-version":[{"id":12321,"href":"https:\/\/www.egemtv.com\/index.php?rest_route=\/wp\/v2\/posts\/12319\/revisions\/12321"}],"wp:featuredmedia":[{"embeddable":true,"href":"https:\/\/www.egemtv.com\/index.php?rest_route=\/wp\/v2\/media\/12320"}],"wp:attachment":[{"href":"https:\/\/www.egemtv.com\/index.php?rest_route=%2Fwp%2Fv2%2Fmedia&parent=12319"}],"wp:term":[{"taxonomy":"category","embeddable":true,"href":"https:\/\/www.egemtv.com\/index.php?rest_route=%2Fwp%2Fv2%2Fcategories&post=12319"},{"taxonomy":"post_tag","embeddable":true,"href":"https:\/\/www.egemtv.com\/index.php?rest_route=%2Fwp%2Fv2%2Ftags&post=12319"}],"curies":[{"name":"wp","href":"https:\/\/api.w.org\/{rel}","templated":true}]}}