{"id":12313,"date":"2025-01-25T12:49:16","date_gmt":"2025-01-25T09:49:16","guid":{"rendered":"https:\/\/www.egemtv.com\/?p=12313"},"modified":"2025-01-25T12:49:18","modified_gmt":"2025-01-25T09:49:18","slug":"mugla-buyuksehirin-fizyoterapistleri-ile-hastalar-yeniden-hissediyor","status":"publish","type":"post","link":"https:\/\/www.egemtv.com\/?p=12313","title":{"rendered":"Mu\u011fla B\u00fcy\u00fck\u015fehir\u2019in Fizyoterapistleri ile hastalar yeniden hissediyor"},"content":{"rendered":"<p>Mu\u011fla B\u00fcy\u00fck\u015fehir Belediyesi Evde Bak\u0131m Hizmetleri ile evlere misafir olmaya devam ediyor. Evde Bak\u0131m Hizmetleri kapsam\u0131nda B\u00fcy\u00fck\u015fehir Belediyesi; genel bak\u0131m, hekim muayenesi, re\u00e7ete yaz\u0131m\u0131, psikolog ve diyetisyen hizmetlerine ek olarak yeni ba\u015flatt\u0131\u011f\u0131 Fizyoterapi uygulamas\u0131 ile yata\u011fa ba\u011f\u0131ml\u0131 hastalar\u0131n yard\u0131m\u0131na ko\u015fuyor. Mente\u015fe, Ortaca ve Bodrum il\u00e7elerinde g\u00f6reve ba\u015flayan fizyoterapistler 13 il\u00e7ede hizmet verirken, \u015fimdiden 96 hastaya 250 seans uygulad\u0131lar.<br \/>\n<br \/>Ki\u015fiye \u00f6zel hizmet ile her hastaya ayr\u0131 tedavi y\u00f6ntemi<br \/>\n<br \/>Hizmet kapsam\u0131nda her hasta, uzman fizyoterapistler taraf\u0131ndan bireysel olarak de\u011ferlendirilip hastalar\u0131n durumuna g\u00f6re tedavi programlar\u0131 uygulan\u0131yor. Fizik tedavi seanslar\u0131nda uygulanan egzersiz programlar\u0131yla, hastalar\u0131n ya\u015fad\u0131\u011f\u0131 fiziksel rahats\u0131zl\u0131klar en aza indirilip hareket kabiliyetleri art\u0131r\u0131l\u0131yor. Bu tedavi programlar\u0131yla hastalar\u0131n en k\u0131sa s\u00fcrede ba\u011f\u0131ms\u0131z bir \u015fekilde hareket edebilmesi ama\u00e7lan\u0131yor.<br \/>\n<br \/>B\u00fct\u00fcnc\u00fcl sa\u011fl\u0131k hizmeti ile g\u00fcvenli ya\u015fam alanlar\u0131<br \/>\n<br \/>B\u00fcy\u00fck\u015fehir Belediyesi sa\u011fl\u0131k ekipleri, hasta yak\u0131nlar\u0131 ve aile bireylerini de hizmetin bir par\u00e7as\u0131 haline getiriyor. Fizyoterapistler, aile \u00fcyelerine hastalar\u0131n\u0131n bak\u0131m\u0131nda dikkat edilmesi gereken konular\u0131 \u00f6\u011freterek g\u00fcvenli bir ya\u015fam alan\u0131 olu\u015fturulmas\u0131na rehberlik ediyor. B\u00f6ylece, hem hastalar\u0131n hem de aile bireylerinin s\u00fcrece d\u00e2hil edildi\u011fi b\u00fct\u00fcnc\u00fcl bir yakla\u015f\u0131m benimsiyor.<br \/>\n<br \/>Hasta yak\u0131n\u0131 Fadime \u015eahin, \u201cHastam\u0131z beyin kanamas\u0131 ge\u00e7irdi ve bir taraf\u0131 fel\u00e7 kald\u0131. B\u00fcy\u00fck\u015fehir Belediyemize ba\u015fvurduk. Yaren Han\u0131m geliyor. Memnunuz. G\u00fcler y\u00fczl\u00fc samimiler. Tedavi ile hastam\u0131z kullanmad\u0131\u011f\u0131 taraf\u0131n\u0131 kullanmaya ba\u015flad\u0131. Mu\u011fla B\u00fcy\u00fck\u015fehir Belediyesine te\u015fekk\u00fcr ederiz\u201d dedi.<br \/>\n<br \/>A\u011f\u0131r bir ameliyat ge\u00e7iren Ay\u015fen K\u00fc\u00e7\u00fck, \u201cEvde Sa\u011fl\u0131k Hizmetleri geldi ameliyat\u0131mdan sonra. Aya\u011f\u0131ma birka\u00e7 defa hareket yapt\u0131rd\u0131. Aya\u011f\u0131m hi\u00e7 kalkm\u0131yordu, ama \u015fimdi uzat\u0131yorum. Allah raz\u0131 olsun \u00e7ok memnunum. Doktor gelmeseydi \u00e7ok k\u00f6t\u00fcyd\u00fcm\u201d dedi.<br \/>\n<br \/>Fizyoterapist Yaren Eymir, \u201cHastalar bizi ailelerinden biri gibi g\u00f6r\u00fcyor\u201d<br \/>\n<br \/>Fizyoterapist Yaren Merve Eymir, \u201cMu\u011fla B\u00fcy\u00fck\u015fehir Belediye Ba\u015fkan\u0131 Ahmet Aras\u2019\u0131n da \u00f6nc\u00fcl\u00fc\u011f\u00fcnde evde bak\u0131m hizmetlerimiz geni\u015fledi ve fizyoterapi hizmetini de ekledik. \u015eu an i\u00e7in 13 il\u00e7ede yata\u011fa ba\u011f\u0131ml\u0131 hastalara hizmet veriyoruz. Art\u0131k hastalar bizi evden biri olarak g\u00f6r\u00fcyorlar, aileden biri olarak say\u0131yorlar. Haftada bir onlar\u0131 ziyaret ediyoruz. Onlar\u0131n y\u00fcr\u00fcmelerine, ba\u011f\u0131ms\u0131z ihtiya\u00e7lar\u0131n\u0131 kar\u015f\u0131lamalar\u0131na yard\u0131m ediyoruz\u201d dedi.<br \/>\n<br \/>Mu\u011fla B\u00fcy\u00fck\u015fehir Belediye Ba\u015fkan\u0131 Ahmet Aras, Mu\u011fla\u2019n\u0131n her k\u00f6\u015fesinde, vatanda\u015flar\u0131n refah\u0131, sa\u011fl\u0131\u011f\u0131 ve mutlulu\u011fu i\u00e7in \u00e7al\u0131\u015fmaya devam ettiklerini, belediye olarak, sadece fiziksel altyap\u0131 ve hizmetler de\u011fil, ayn\u0131 zamanda insana dokunan, ya\u015fam kalitesini art\u0131ran projelerle de vatanda\u015flar\u0131n yanlar\u0131nda olmay\u0131 s\u00fcrd\u00fcreceklerini belirtti.<br \/><\/p>\n","protected":false},"excerpt":{"rendered":"<p>Mu\u011fla B\u00fcy\u00fck\u015fehir Belediyesi Evde Bak\u0131m Hizmetleri ile evlere misafir olmaya devam ediyor. Evde Bak\u0131m Hizmetleri kapsam\u0131nda B\u00fcy\u00fck\u015fehir Belediyesi; genel bak\u0131m, hekim muayenesi, re\u00e7ete yaz\u0131m\u0131, psikolog ve diyetisyen hizmetlerine ek olarak yeni ba\u015flatt\u0131\u011f\u0131 Fizyoterapi uygulamas\u0131 ile yata\u011fa ba\u011f\u0131ml\u0131 hastalar\u0131n yard\u0131m\u0131na ko\u015fuyor. Mente\u015fe, Ortaca ve Bodrum il\u00e7elerinde g\u00f6reve ba\u015flayan fizyoterapistler 13 il\u00e7ede hizmet verirken, \u015fimdiden 96 hastaya&#8230;<\/p>\n","protected":false},"author":1,"featured_media":12314,"comment_status":"open","ping_status":"open","sticky":false,"template":"","format":"standard","meta":{"_crdt_document":"","footnotes":""},"categories":[123],"tags":[],"class_list":["post-12313","post","type-post","status-publish","format-standard","has-post-thumbnail","hentry","category-gundem"],"_links":{"self":[{"href":"https:\/\/www.egemtv.com\/index.php?rest_route=\/wp\/v2\/posts\/12313","targetHints":{"allow":["GET"]}}],"collection":[{"href":"https:\/\/www.egemtv.com\/index.php?rest_route=\/wp\/v2\/posts"}],"about":[{"href":"https:\/\/www.egemtv.com\/index.php?rest_route=\/wp\/v2\/types\/post"}],"author":[{"embeddable":true,"href":"https:\/\/www.egemtv.com\/index.php?rest_route=\/wp\/v2\/users\/1"}],"replies":[{"embeddable":true,"href":"https:\/\/www.egemtv.com\/index.php?rest_route=%2Fwp%2Fv2%2Fcomments&post=12313"}],"version-history":[{"count":1,"href":"https:\/\/www.egemtv.com\/index.php?rest_route=\/wp\/v2\/posts\/12313\/revisions"}],"predecessor-version":[{"id":12315,"href":"https:\/\/www.egemtv.com\/index.php?rest_route=\/wp\/v2\/posts\/12313\/revisions\/12315"}],"wp:featuredmedia":[{"embeddable":true,"href":"https:\/\/www.egemtv.com\/index.php?rest_route=\/wp\/v2\/media\/12314"}],"wp:attachment":[{"href":"https:\/\/www.egemtv.com\/index.php?rest_route=%2Fwp%2Fv2%2Fmedia&parent=12313"}],"wp:term":[{"taxonomy":"category","embeddable":true,"href":"https:\/\/www.egemtv.com\/index.php?rest_route=%2Fwp%2Fv2%2Fcategories&post=12313"},{"taxonomy":"post_tag","embeddable":true,"href":"https:\/\/www.egemtv.com\/index.php?rest_route=%2Fwp%2Fv2%2Ftags&post=12313"}],"curies":[{"name":"wp","href":"https:\/\/api.w.org\/{rel}","templated":true}]}}