{"id":12310,"date":"2025-01-25T12:40:54","date_gmt":"2025-01-25T09:40:54","guid":{"rendered":"https:\/\/www.egemtv.com\/?p=12310"},"modified":"2025-01-25T12:40:55","modified_gmt":"2025-01-25T09:40:55","slug":"manisa-fk-dino-arslanagici-kadrosuna-katti","status":"publish","type":"post","link":"https:\/\/www.egemtv.com\/?p=12310","title":{"rendered":"Manisa FK, Dino Arslanagic\u2019i kadrosuna katt\u0131"},"content":{"rendered":"<p>Trendyol 1. Lig ekiplerinden Manisa Futbol Kul\u00fcb\u00fc, tecr\u00fcbeli savunma oyuncusu Dino Arslanagic\u2019i kadrosuna katt\u0131. \u0130mza t\u00f6reninde konu\u015fan Arslanagic, \u201cManisa Futbol Kul\u00fcb\u00fc formas\u0131yla yeniden T\u00fcrkiye\u2019de oldu\u011fum i\u00e7in mutluyum\u201d dedi.<br \/>\n<br \/>Manisa Futbol Kul\u00fcb\u00fc, 31 ya\u015f\u0131ndaki tecr\u00fcbeli savunma oyuncusu Dino Arslanagic ile 1,5 y\u0131ll\u0131k s\u00f6zle\u015fme imzalad\u0131. Manisa FK\u2019ya imza att\u0131\u011f\u0131 i\u00e7in heyecan\u0131n\u0131 dile getiren Bosna Hersek as\u0131ll\u0131 Bel\u00e7ikal\u0131 futbolcu, \u201cT\u00fcrkiye\u2019ye ve T\u00fcrk futboluna al\u0131\u015f\u0131k bir oyuncuyum. G\u00f6ztepe ile \u00e7ok g\u00fczel 2 sezon ge\u00e7irdim. Ayn\u0131 heyecan ve istekle yeniden T\u00fcrkiye\u2019de ve Manisa Futbol Kul\u00fcb\u00fc\u2019nde oldu\u011fum i\u00e7in mutluyum. Tak\u0131m\u0131ma en \u00fcst seviyede katk\u0131 vererek ba\u015far\u0131l\u0131 bir sezon ge\u00e7irece\u011fimize inan\u0131yorum\u201d diye konu\u015ftu.<\/p>\n<p>Serkan \u0130\u015fyapan: \u201cDino Arslanagic, tak\u0131m\u0131m\u0131za g\u00fc\u00e7 katacak\u201d<br \/>\n<br \/>Yeni transfer Dino Arslanagic\u2019in deneyimiyle tak\u0131ma g\u00fc\u00e7 kataca\u011f\u0131n\u0131 ifade eden Manisa FK Sportif Direkt\u00f6r\u00fc Serkan \u0130\u015fyapan ise, \u201cDino Arslanagic, kariyerli ve tecr\u00fcbeli bir stoper. Daha \u00f6nce G\u00f6ztepe formas\u0131yla hem S\u00fcper Lig\u2019de hem de 1. Lig\u2019de ba\u015far\u0131l\u0131 performanslar sergiledi. Ayn\u0131 g\u00fcc\u00fc ve tecr\u00fcbeyi tak\u0131m\u0131m\u0131za kazand\u0131raca\u011f\u0131na inan\u0131yoruz. Dino Arslanagic\u2019e Manisa Futbol Kul\u00fcb\u00fc formas\u0131 alt\u0131nda ba\u015far\u0131lar diliyorum\u201d dedi.<br \/><\/p>\n","protected":false},"excerpt":{"rendered":"<p>Trendyol 1. Lig ekiplerinden Manisa Futbol Kul\u00fcb\u00fc, tecr\u00fcbeli savunma oyuncusu Dino Arslanagic\u2019i kadrosuna katt\u0131. \u0130mza t\u00f6reninde konu\u015fan Arslanagic, \u201cManisa Futbol Kul\u00fcb\u00fc formas\u0131yla yeniden T\u00fcrkiye\u2019de oldu\u011fum i\u00e7in mutluyum\u201d dedi. Manisa Futbol Kul\u00fcb\u00fc, 31 ya\u015f\u0131ndaki tecr\u00fcbeli savunma oyuncusu Dino Arslanagic ile 1,5 y\u0131ll\u0131k s\u00f6zle\u015fme imzalad\u0131. Manisa FK\u2019ya imza att\u0131\u011f\u0131 i\u00e7in heyecan\u0131n\u0131 dile getiren Bosna Hersek as\u0131ll\u0131 Bel\u00e7ikal\u0131&#8230;<\/p>\n","protected":false},"author":1,"featured_media":12311,"comment_status":"open","ping_status":"open","sticky":false,"template":"","format":"standard","meta":{"_crdt_document":"","footnotes":""},"categories":[4],"tags":[],"class_list":["post-12310","post","type-post","status-publish","format-standard","has-post-thumbnail","hentry","category-spor"],"_links":{"self":[{"href":"https:\/\/www.egemtv.com\/index.php?rest_route=\/wp\/v2\/posts\/12310","targetHints":{"allow":["GET"]}}],"collection":[{"href":"https:\/\/www.egemtv.com\/index.php?rest_route=\/wp\/v2\/posts"}],"about":[{"href":"https:\/\/www.egemtv.com\/index.php?rest_route=\/wp\/v2\/types\/post"}],"author":[{"embeddable":true,"href":"https:\/\/www.egemtv.com\/index.php?rest_route=\/wp\/v2\/users\/1"}],"replies":[{"embeddable":true,"href":"https:\/\/www.egemtv.com\/index.php?rest_route=%2Fwp%2Fv2%2Fcomments&post=12310"}],"version-history":[{"count":1,"href":"https:\/\/www.egemtv.com\/index.php?rest_route=\/wp\/v2\/posts\/12310\/revisions"}],"predecessor-version":[{"id":12312,"href":"https:\/\/www.egemtv.com\/index.php?rest_route=\/wp\/v2\/posts\/12310\/revisions\/12312"}],"wp:featuredmedia":[{"embeddable":true,"href":"https:\/\/www.egemtv.com\/index.php?rest_route=\/wp\/v2\/media\/12311"}],"wp:attachment":[{"href":"https:\/\/www.egemtv.com\/index.php?rest_route=%2Fwp%2Fv2%2Fmedia&parent=12310"}],"wp:term":[{"taxonomy":"category","embeddable":true,"href":"https:\/\/www.egemtv.com\/index.php?rest_route=%2Fwp%2Fv2%2Fcategories&post=12310"},{"taxonomy":"post_tag","embeddable":true,"href":"https:\/\/www.egemtv.com\/index.php?rest_route=%2Fwp%2Fv2%2Ftags&post=12310"}],"curies":[{"name":"wp","href":"https:\/\/api.w.org\/{rel}","templated":true}]}}