{"id":12307,"date":"2025-01-25T12:40:51","date_gmt":"2025-01-25T09:40:51","guid":{"rendered":"https:\/\/www.egemtv.com\/?p=12307"},"modified":"2025-01-25T12:40:53","modified_gmt":"2025-01-25T09:40:53","slug":"manisada-dere-temizlikleri-devam-ediyor","status":"publish","type":"post","link":"https:\/\/www.egemtv.com\/?p=12307","title":{"rendered":"Manisa\u2019da dere temizlikleri devam ediyor"},"content":{"rendered":"<p>Manisa B\u00fcy\u00fck\u015fehir Belediyesi, ta\u015fk\u0131n riski ta\u015f\u0131yan ve halk sa\u011fl\u0131\u011f\u0131n\u0131 tehdit eden derelerde temizlik i\u015flemine ara vermeden devam ediyor.<br \/>\n<br \/>MASK\u0130 Genel M\u00fcd\u00fcrl\u00fc\u011f\u00fc ekipleri, Akhisar il\u00e7esinde bulunan ve 10 y\u0131ld\u0131r temizlenmeyen 3 kilometrelik derede \u00e7al\u0131\u015fma ba\u015flatt\u0131.<br \/>\n<br \/>Manisa B\u00fcy\u00fck\u015fehir Belediye Ba\u015fkan\u0131 Mimar Ferdi Zeyrek, \u201cSa\u011fl\u0131kl\u0131 ve g\u00fcvenli ya\u015fam alanlar\u0131 i\u00e7in derelerin temizli\u011fini \u00f6nemsiyoruz. Ya\u011f\u0131\u015flarda ta\u015fmalara ba\u011fl\u0131 su bask\u0131nlar\u0131n\u0131 \u00f6nlemek ve tar\u0131m arazilerimizi korumak i\u00e7in temizlik \u00e7al\u0131\u015fmalar\u0131m\u0131za devam ediyoruz\u201d dedi.<br \/>\n<br \/>Manisa B\u00fcy\u00fck\u015fehir Belediyesi, \u015fehrin d\u00f6rt bir yan\u0131nda bulunan ve y\u0131llard\u0131r temizli\u011fi yap\u0131lmayan derelerde ba\u015flatt\u0131\u011f\u0131 \u00e7al\u0131\u015fmalara devam ediyor. Onlarca y\u0131ld\u0131r temizlenmeyen, biriken tortular nedeniyle ta\u015fk\u0131n riski ta\u015f\u0131yan, \u00e7evre kirlili\u011fi olu\u015fturan ve halk sa\u011fl\u0131\u011f\u0131n\u0131 tehdit eden dereler temizleniyor. \u00c7al\u0131\u015fmalar kapsam\u0131nda MASK\u0130 Genel M\u00fcd\u00fcrl\u00fc\u011f\u00fc\u2019ne ba\u011fl\u0131 \u00c7evre Koruma ve Kontrol Dairesi Ba\u015fkanl\u0131\u011f\u0131 ekipleri, Akhisar il\u00e7esine ba\u011fl\u0131 Sel\u00e7ikli Mahallesi\u2019nde 3 kilometrelik dere temizlik \u00e7al\u0131\u015fmas\u0131 ger\u00e7ekle\u015ftiriyor. Derenin kapasitesinin art\u0131r\u0131lmas\u0131 i\u00e7in geni\u015fletme \u00e7al\u0131\u015fmas\u0131 da yap\u0131larak meydana gelebilecek ta\u015fk\u0131nlara kar\u015f\u0131 \u00f6nlem al\u0131n\u0131rken, dere etraf\u0131ndaki tar\u0131m arazileri korunmas\u0131 da hedefleniyor.<\/p>\n<p>\u201c\u00d6nce alt yap\u0131\u201d<br \/>\n<br \/>Manisa B\u00fcy\u00fck\u015fehir Belediye Ba\u015fkan\u0131 Mimar Ferdi Zeyrek, alt yap\u0131 yat\u0131r\u0131mlar\u0131n\u0131 tamamlamadan sa\u011fl\u0131kl\u0131 bir \u015fehir olu\u015fturulamayaca\u011f\u0131n\u0131 hat\u0131rlatarak, \u201c\u015eehrimizin 40-50 y\u0131l boyunca rahat edece\u011fi bir gelece\u011fi in\u015fa etmek istiyorsak \u00f6nce alt yap\u0131dan i\u015fe ba\u015flamak zorunday\u0131z. Ne yaz\u0131k ki Manisa\u2019m\u0131z\u0131n bir\u00e7ok yeri yat\u0131r\u0131mdan mahrum kalm\u0131\u015f, kendi haline terk edilmi\u015f. Kanalizasyon, i\u00e7me suyu ve derelerimiz de g\u00f6z ard\u0131 edilmi\u015f. Sa\u011fl\u0131kl\u0131 ve g\u00fcvenli ya\u015fam alanlar\u0131 i\u00e7in derelerin temizli\u011fini \u00f6nemsiyoruz. MASK\u0130 Genel M\u00fcd\u00fcrl\u00fc\u011f\u00fcm\u00fcz bu konuda \u00fczerine d\u00fc\u015feni yap\u0131yor. Ya\u011f\u0131\u015flarda ta\u015fmalara ba\u011fl\u0131 su bask\u0131nlar\u0131n\u0131 \u00f6nlemek ve tar\u0131m arazilerimizi korumak i\u00e7in temizlik \u00e7al\u0131\u015fmalar\u0131m\u0131za devam ediyoruz. Akhisar\u2019a ba\u011fl\u0131 Sel\u00e7ikli Mahallemizde neredeyse 10 y\u0131ld\u0131r dokunulmayan derede temizlik yap\u0131lmas\u0131 talebi geldi. Muhtarlar\u0131m\u0131z\u0131n iletti\u011fi bu talepleri ivedilikle yan\u0131tl\u0131yoruz. Hemen derede 3 kilometrelik temizlik ve geni\u015fletme \u00e7al\u0131\u015fmas\u0131n\u0131 ba\u015flatt\u0131k\u201d \u015feklinde konu\u015ftu.<\/p>\n<p>\u201cDerede temizlik talep ettik an\u0131nda geldiler\u201d<br \/>\n<br \/>Mahalle Muhtar\u0131 M\u00fcnir Karaca, \u201cMahallemizden ge\u00e7en dere 10 y\u0131ld\u0131r temizlenmiyordu. Zararl\u0131 maddeler art\u0131k dere yata\u011f\u0131n\u0131n i\u00e7ini tamamen kaplam\u0131\u015ft\u0131. 10 y\u0131ld\u0131r temizlenmiyordu. Ya\u011fmur \u00e7ok ya\u011fd\u0131\u011f\u0131 zaman ta\u015fk\u0131nlar oluyordu. Tar\u0131m arazilerine su giriyordu. Manisa B\u00fcy\u00fck\u015fehir Belediye Ba\u015fkan\u0131m\u0131z Say\u0131n Ferdi Zeyrek\u2019e temizlenmesi y\u00f6n\u00fcnde talebimizi ilettik. Sa\u011f olsunlar bizleri k\u0131rmad\u0131lar. MASK\u0130 Genel M\u00fcd\u00fcrl\u00fc\u011f\u00fc de temizlik \u00e7al\u0131\u015fmas\u0131na h\u0131zl\u0131 bir \u015fekilde ba\u015flad\u0131\u201d dedi.<br \/>\n<br \/>Mahalle sakini Ahmet Demirci, \u201cMahallemizdeki derede k\u00f6t\u00fc koku olu\u015fmaya ba\u015flam\u0131\u015ft\u0131. Zararl\u0131 maddeler vard\u0131. Kuvvetli ya\u011f\u0131\u015flarda dere yata\u011f\u0131 ta\u015f\u0131yordu. Temizlik ile geni\u015flemesi de iyi oldu. Milletin faydas\u0131na yap\u0131lan her \u015fey g\u00fczeldir. \u00c7al\u0131\u015fmalardan memnunuz. Te\u015fekk\u00fcr ediyoruz\u201d diye konu\u015ftu.<br \/><\/p>\n","protected":false},"excerpt":{"rendered":"<p>Manisa B\u00fcy\u00fck\u015fehir Belediyesi, ta\u015fk\u0131n riski ta\u015f\u0131yan ve halk sa\u011fl\u0131\u011f\u0131n\u0131 tehdit eden derelerde temizlik i\u015flemine ara vermeden devam ediyor. MASK\u0130 Genel M\u00fcd\u00fcrl\u00fc\u011f\u00fc ekipleri, Akhisar il\u00e7esinde bulunan ve 10 y\u0131ld\u0131r temizlenmeyen 3 kilometrelik derede \u00e7al\u0131\u015fma ba\u015flatt\u0131. Manisa B\u00fcy\u00fck\u015fehir Belediye Ba\u015fkan\u0131 Mimar Ferdi Zeyrek, \u201cSa\u011fl\u0131kl\u0131 ve g\u00fcvenli ya\u015fam alanlar\u0131 i\u00e7in derelerin temizli\u011fini \u00f6nemsiyoruz. Ya\u011f\u0131\u015flarda ta\u015fmalara ba\u011fl\u0131 su bask\u0131nlar\u0131n\u0131&#8230;<\/p>\n","protected":false},"author":1,"featured_media":12308,"comment_status":"open","ping_status":"open","sticky":false,"template":"","format":"standard","meta":{"_crdt_document":"","footnotes":""},"categories":[1],"tags":[],"class_list":["post-12307","post","type-post","status-publish","format-standard","has-post-thumbnail","hentry","category-guncel"],"_links":{"self":[{"href":"https:\/\/www.egemtv.com\/index.php?rest_route=\/wp\/v2\/posts\/12307","targetHints":{"allow":["GET"]}}],"collection":[{"href":"https:\/\/www.egemtv.com\/index.php?rest_route=\/wp\/v2\/posts"}],"about":[{"href":"https:\/\/www.egemtv.com\/index.php?rest_route=\/wp\/v2\/types\/post"}],"author":[{"embeddable":true,"href":"https:\/\/www.egemtv.com\/index.php?rest_route=\/wp\/v2\/users\/1"}],"replies":[{"embeddable":true,"href":"https:\/\/www.egemtv.com\/index.php?rest_route=%2Fwp%2Fv2%2Fcomments&post=12307"}],"version-history":[{"count":1,"href":"https:\/\/www.egemtv.com\/index.php?rest_route=\/wp\/v2\/posts\/12307\/revisions"}],"predecessor-version":[{"id":12309,"href":"https:\/\/www.egemtv.com\/index.php?rest_route=\/wp\/v2\/posts\/12307\/revisions\/12309"}],"wp:featuredmedia":[{"embeddable":true,"href":"https:\/\/www.egemtv.com\/index.php?rest_route=\/wp\/v2\/media\/12308"}],"wp:attachment":[{"href":"https:\/\/www.egemtv.com\/index.php?rest_route=%2Fwp%2Fv2%2Fmedia&parent=12307"}],"wp:term":[{"taxonomy":"category","embeddable":true,"href":"https:\/\/www.egemtv.com\/index.php?rest_route=%2Fwp%2Fv2%2Fcategories&post=12307"},{"taxonomy":"post_tag","embeddable":true,"href":"https:\/\/www.egemtv.com\/index.php?rest_route=%2Fwp%2Fv2%2Ftags&post=12307"}],"curies":[{"name":"wp","href":"https:\/\/api.w.org\/{rel}","templated":true}]}}