{"id":12304,"date":"2025-01-25T12:38:06","date_gmt":"2025-01-25T09:38:06","guid":{"rendered":"https:\/\/www.egemtv.com\/?p=12304"},"modified":"2025-01-25T12:38:08","modified_gmt":"2025-01-25T09:38:08","slug":"menemene-400-yatakli-devlet-hastanesi-geliyor","status":"publish","type":"post","link":"https:\/\/www.egemtv.com\/?p=12304","title":{"rendered":"Menemen\u2019e 400 yatakl\u0131 devlet hastanesi geliyor"},"content":{"rendered":"<p>Menemen Belediye Ba\u015fkan\u0131 Ayd\u0131n Pehlivan, \u0130zmir\u2019e gelen Sa\u011fl\u0131k Bakan\u0131 Prof. Dr. Kemal Memi\u015fo\u011flu ile g\u00f6r\u00fc\u015ft\u00fc. Ba\u015fkan Pehlivan, g\u00fczel haberi Menemenli hem\u015fehrileriyle payla\u015f\u0131rken, &#8220;Menemenimizin sa\u011fl\u0131k gelece\u011fini ilgilendiren \u00f6nemli bir ad\u0131m att\u0131k. \u0130l\u00e7emize 400 yatakl\u0131 yeni devlet hastanemizi kazand\u0131r\u0131yoruz. Proje, sadece bug\u00fcn\u00fcn de\u011fil, gelece\u011fin ihtiya\u00e7lar\u0131n\u0131 da kar\u015f\u0131layacak \u015fekilde tasarlan\u0131yor&#8221; ifadelerini kulland\u0131.<br \/>\n<br \/>Geli\u015fim ve b\u00fcy\u00fcme h\u0131z\u0131yla sadece \u0130zmir\u2019de de\u011fil, b\u00f6lgede t\u00fcm dikkatleri \u00fczerine \u00e7eken Menemen\u2019de, tarihinin en b\u00fcy\u00fck sa\u011fl\u0131k yat\u0131r\u0131m\u0131 i\u00e7in geri say\u0131m ba\u015flad\u0131. Daha \u00f6nce Menemen Belediyesi taraf\u0131ndan A2 seviyesindeki hastane yer tahsisinin ard\u0131ndan, beklenen m\u00fcjdeli haber geldi. \u0130zmir\u2019e gelen Sa\u011fl\u0131k Bakan\u0131 Prof. Dr. Kemal Memi\u015fo\u011flu ile g\u00f6r\u00fc\u015fen Menemen Belediye Ba\u015fkan\u0131 Ayd\u0131n Pehlivan, il\u00e7eye 400 yatakl\u0131 devlet hastanesi yap\u0131laca\u011f\u0131n\u0131 s\u00f6yledi.<\/p>\n<p>Ba\u015fkan Pehlivan: &#8220;Amac\u0131m\u0131z, Menemen\u2019in sa\u011fl\u0131k altyap\u0131s\u0131n\u0131 en \u00fcst seviyeye \u00e7\u0131karmak&#8221;<br \/>\n<br \/>Ba\u015fkan Pehlivan, &#8220;Sa\u011fl\u0131k Bakan\u0131m\u0131z Prof. Dr. Say\u0131n Kemal Memi\u015fo\u011flu ile AK Parti \u0130zmir \u0130l Ba\u015fkanl\u0131\u011f\u0131m\u0131zda yapt\u0131\u011f\u0131m\u0131z g\u00f6r\u00fc\u015fmede, Menemen\u2019imizin sa\u011fl\u0131k gelece\u011fini g\u00fc\u00e7lendirecek \u00f6nemli bir ad\u0131m daha att\u0131k. \u0130l\u00e7emiz i\u00e7in m\u00fcjde niteli\u011findeki bu geli\u015fmeyle yeni devlet hastanemizin yatak kapasitesi 400\u2019e \u00e7\u0131kar\u0131l\u0131yor! Proje, sadece bug\u00fcn\u00fcn de\u011fil, gelece\u011fin ihtiya\u00e7lar\u0131n\u0131 da kar\u015f\u0131layacak \u015fekilde tasarlan\u0131yor. Hastanemiz, ileride yatak kapasitesinin daha da art\u0131r\u0131lmas\u0131na uygun olarak planlan\u0131yor. Amac\u0131m\u0131z, Menemen\u2019imizin sa\u011fl\u0131k altyap\u0131s\u0131n\u0131 en \u00fcst seviyeye \u00e7\u0131kararak vatanda\u015flar\u0131m\u0131za hak etti\u011fi modern ve g\u00fc\u00e7l\u00fc sa\u011fl\u0131k hizmetlerini sunmak. Sa\u011fl\u0131kta g\u00fc\u00e7l\u00fc bir Menemen i\u00e7in gece g\u00fcnd\u00fcz \u00e7al\u0131\u015f\u0131yoruz! \u00c7\u00fcnk\u00fc Menemen her zaman, her \u015feyin en iyisini hak ediyor.&#8221; ifadelerini kulland\u0131.<\/p>\n<p>Ba\u015fkan Pehlivan: &#8220;Hem\u015fehrilerimizin sa\u011fl\u0131\u011f\u0131 bizim i\u00e7in \u00e7ok k\u0131ymetli&#8221;<br \/>\n<br \/>Menemen Belediyesi olarak sa\u011fl\u0131k yat\u0131r\u0131mlar\u0131na \u00e7ok \u00f6nem verdiklerini belirten Ba\u015fkan Pehlivan, &#8220;Her biri birer kom\u015fumuz olan hem\u015fehrilerimizin sa\u011fl\u0131\u011f\u0131 bizim i\u00e7in \u00e7ok k\u0131ymetli. Bu kapsamda Sa\u011fl\u0131k \u0130\u015fleri M\u00fcd\u00fcrl\u00fc\u011f\u00fcm\u00fcz vas\u0131tas\u0131yla binlerce hastam\u0131za pansuman, \u015feker takibi vb. hizmetleri veriyoruz. Ambulans hizmetimizle, hastaneye gidemeyecek durumda olan hastalar\u0131m\u0131z\u0131n hastaneye ta\u015f\u0131nmas\u0131n\u0131 \u00fcstleniyoruz. Fizyoterapiden diyetisyene kadar bir\u00e7ok sa\u011fl\u0131k hizmetini Menemenlilere sunuyoruz. Bununla birlikte Asarl\u0131k ve Ulukent\u2019te hem\u015fehrilerimizin hastaneye gitmeden temel sa\u011fl\u0131k hizmetlerini alabilmeleri i\u00e7in aile sa\u011fl\u0131\u011f\u0131 merkezi ve semt poliklini\u011fimizi in\u015fa edip, \u0130zmir \u0130l Sa\u011fl\u0131k M\u00fcd\u00fcrl\u00fc\u011f\u00fcm\u00fcze teslim ettik. Asarl\u0131k Aile Sa\u011fl\u0131\u011f\u0131 Merkezi hizmete girdi, Ulukent de yak\u0131n tarihte hizmet vermeye ba\u015flayacak&#8221; diye konu\u015ftu.<br \/><\/p>\n","protected":false},"excerpt":{"rendered":"<p>Menemen Belediye Ba\u015fkan\u0131 Ayd\u0131n Pehlivan, \u0130zmir\u2019e gelen Sa\u011fl\u0131k Bakan\u0131 Prof. Dr. Kemal Memi\u015fo\u011flu ile g\u00f6r\u00fc\u015ft\u00fc. Ba\u015fkan Pehlivan, g\u00fczel haberi Menemenli hem\u015fehrileriyle payla\u015f\u0131rken, &#8220;Menemenimizin sa\u011fl\u0131k gelece\u011fini ilgilendiren \u00f6nemli bir ad\u0131m att\u0131k. \u0130l\u00e7emize 400 yatakl\u0131 yeni devlet hastanemizi kazand\u0131r\u0131yoruz. Proje, sadece bug\u00fcn\u00fcn de\u011fil, gelece\u011fin ihtiya\u00e7lar\u0131n\u0131 da kar\u015f\u0131layacak \u015fekilde tasarlan\u0131yor&#8221; ifadelerini kulland\u0131. Geli\u015fim ve b\u00fcy\u00fcme h\u0131z\u0131yla sadece \u0130zmir\u2019de&#8230;<\/p>\n","protected":false},"author":1,"featured_media":12305,"comment_status":"open","ping_status":"open","sticky":false,"template":"","format":"standard","meta":{"_crdt_document":"","footnotes":""},"categories":[1],"tags":[],"class_list":["post-12304","post","type-post","status-publish","format-standard","has-post-thumbnail","hentry","category-guncel"],"_links":{"self":[{"href":"https:\/\/www.egemtv.com\/index.php?rest_route=\/wp\/v2\/posts\/12304","targetHints":{"allow":["GET"]}}],"collection":[{"href":"https:\/\/www.egemtv.com\/index.php?rest_route=\/wp\/v2\/posts"}],"about":[{"href":"https:\/\/www.egemtv.com\/index.php?rest_route=\/wp\/v2\/types\/post"}],"author":[{"embeddable":true,"href":"https:\/\/www.egemtv.com\/index.php?rest_route=\/wp\/v2\/users\/1"}],"replies":[{"embeddable":true,"href":"https:\/\/www.egemtv.com\/index.php?rest_route=%2Fwp%2Fv2%2Fcomments&post=12304"}],"version-history":[{"count":1,"href":"https:\/\/www.egemtv.com\/index.php?rest_route=\/wp\/v2\/posts\/12304\/revisions"}],"predecessor-version":[{"id":12306,"href":"https:\/\/www.egemtv.com\/index.php?rest_route=\/wp\/v2\/posts\/12304\/revisions\/12306"}],"wp:featuredmedia":[{"embeddable":true,"href":"https:\/\/www.egemtv.com\/index.php?rest_route=\/wp\/v2\/media\/12305"}],"wp:attachment":[{"href":"https:\/\/www.egemtv.com\/index.php?rest_route=%2Fwp%2Fv2%2Fmedia&parent=12304"}],"wp:term":[{"taxonomy":"category","embeddable":true,"href":"https:\/\/www.egemtv.com\/index.php?rest_route=%2Fwp%2Fv2%2Fcategories&post=12304"},{"taxonomy":"post_tag","embeddable":true,"href":"https:\/\/www.egemtv.com\/index.php?rest_route=%2Fwp%2Fv2%2Ftags&post=12304"}],"curies":[{"name":"wp","href":"https:\/\/api.w.org\/{rel}","templated":true}]}}