{"id":12301,"date":"2025-01-25T12:38:03","date_gmt":"2025-01-25T09:38:03","guid":{"rendered":"https:\/\/www.egemtv.com\/?p=12301"},"modified":"2025-01-25T12:38:05","modified_gmt":"2025-01-25T09:38:05","slug":"sut-kuzusunda-yeni-donem-27-ocakta-basliyor","status":"publish","type":"post","link":"https:\/\/www.egemtv.com\/?p=12301","title":{"rendered":"S\u00fct Kuzusu\u2019nda yeni d\u00f6nem 27 Ocak\u2019ta ba\u015fl\u0131yor"},"content":{"rendered":"<p>\u0130zmir B\u00fcy\u00fck\u015fehir Belediyesi\u2019nin y\u0131llard\u0131r s\u00fcrd\u00fcrd\u00fc\u011f\u00fc S\u00fct Kuzusu Projesi\u2019nde yeni d\u00f6nem 27 Ocak\u2019ta ba\u015flayacak. \u00c7ocuklar\u0131n sa\u011fl\u0131kl\u0131 geli\u015fimine katk\u0131 sa\u011flamak ve ailelerin ekonomik y\u00fck\u00fcn\u00fc hafifletmek i\u00e7in hayata ge\u00e7irilen proje kapsam\u0131nda 30 il\u00e7enin 622 mahallesinde da\u011f\u0131t\u0131m yap\u0131lacak.<br \/>\n<br \/>\u0130zmir B\u00fcy\u00fck\u015fehir Belediyesi ile \u00f6zde\u015fle\u015fmi\u015f ve T\u00fcrkiye\u2019ye \u00f6rnek olarak y\u0131llard\u0131r s\u00fcrd\u00fcr\u00fclen S\u00fct Kuzusu Projesi\u2019nde yeni d\u00f6nem 27 Ocak\u2019ta ba\u015fl\u0131yor. B\u00fcy\u00fck\u015fehir Belediyesi, \u201cS\u00fct \u0130\u00e7meyen \u00c7ocuk Kalmas\u0131n\u201d diyerek kentin d\u00f6rt bir yan\u0131ndaki 2-5 ya\u015f aras\u0131 \u00e7ocuklara s\u00fct ula\u015ft\u0131rmaya devam edecek.<\/p>\n<p>30 il\u00e7e faydalanacak<br \/>\n<br \/>Belirli bir gelir seviyesine sahip ailelere y\u00f6nelik y\u00fcr\u00fct\u00fclen S\u00fct Kuzusu Projesi\u2019yle istenen kriterleri ta\u015f\u0131yan ailelerin \u00e7ocuklar\u0131na \u00fccretsiz olarak ayl\u0131k 8 litre s\u00fct da\u011f\u0131t\u0131m\u0131 yap\u0131lacak. Sosyal Hizmetler ve Yard\u0131mlar \u015eube M\u00fcd\u00fcrl\u00fc\u011f\u00fc\u2019n\u00fcn 20 ki\u015filik ekibi d\u00fczenli olarak \u00e7ocuklar\u0131n t\u00fcketimi i\u00e7in ailelere s\u00fct teslim edecek. Da\u011f\u0131t\u0131mlar \u0130zmir\u2019in 30 il\u00e7esindeki 622 mahallede ger\u00e7ekle\u015ftirilecek.<br \/>\n<br \/>S\u00fct Kuzusu Projesi, \u0130zmir\u2019in merkez il\u00e7eleri Bal\u00e7ova, Bayrakl\u0131, Bornova, Buca, \u00c7i\u011fli, Gaziemir, G\u00fczelbah\u00e7e, Karaba\u011flar, Kar\u015f\u0131yaka, Konak ve Narl\u0131dere\u2019nin tamam\u0131nda uygulanacak. Ayr\u0131ca Alia\u011fa, Bay\u0131nd\u0131r, Bergama, Beyda\u011f, \u00c7e\u015fme, Dikili, Fo\u00e7a, Karaburun, Kemalpa\u015fa, K\u0131n\u0131k, Kiraz, Menderes, Menemen, \u00d6demi\u015f, Seferihisar, Sel\u00e7uk, Tire, Torbal\u0131 ve Urla il\u00e7elerinin merkez mahalleleri de projeden yararlanacak.<\/p>\n<p>Ba\u015fvurular online al\u0131n\u0131yor<br \/>\n<br \/>Projeden faydalanmak isteyen aileler, ba\u015fvurular\u0131n\u0131 www.bizvariz.izmir.bel.tr internet adresi \u00fczerinden online olarak yapabiliyor. Ba\u015fvurular\u0131n de\u011ferlendirilmesinin ard\u0131ndan s\u00fct da\u011f\u0131t\u0131mlar\u0131 d\u00fczenli bir \u015fekilde ger\u00e7ekle\u015ftirilecek.<br \/><\/p>\n","protected":false},"excerpt":{"rendered":"<p>\u0130zmir B\u00fcy\u00fck\u015fehir Belediyesi\u2019nin y\u0131llard\u0131r s\u00fcrd\u00fcrd\u00fc\u011f\u00fc S\u00fct Kuzusu Projesi\u2019nde yeni d\u00f6nem 27 Ocak\u2019ta ba\u015flayacak. \u00c7ocuklar\u0131n sa\u011fl\u0131kl\u0131 geli\u015fimine katk\u0131 sa\u011flamak ve ailelerin ekonomik y\u00fck\u00fcn\u00fc hafifletmek i\u00e7in hayata ge\u00e7irilen proje kapsam\u0131nda 30 il\u00e7enin 622 mahallesinde da\u011f\u0131t\u0131m yap\u0131lacak. \u0130zmir B\u00fcy\u00fck\u015fehir Belediyesi ile \u00f6zde\u015fle\u015fmi\u015f ve T\u00fcrkiye\u2019ye \u00f6rnek olarak y\u0131llard\u0131r s\u00fcrd\u00fcr\u00fclen S\u00fct Kuzusu Projesi\u2019nde yeni d\u00f6nem 27 Ocak\u2019ta ba\u015fl\u0131yor. B\u00fcy\u00fck\u015fehir Belediyesi,&#8230;<\/p>\n","protected":false},"author":1,"featured_media":12302,"comment_status":"open","ping_status":"open","sticky":false,"template":"","format":"standard","meta":{"_crdt_document":"","footnotes":""},"categories":[1],"tags":[],"class_list":["post-12301","post","type-post","status-publish","format-standard","has-post-thumbnail","hentry","category-guncel"],"_links":{"self":[{"href":"https:\/\/www.egemtv.com\/index.php?rest_route=\/wp\/v2\/posts\/12301","targetHints":{"allow":["GET"]}}],"collection":[{"href":"https:\/\/www.egemtv.com\/index.php?rest_route=\/wp\/v2\/posts"}],"about":[{"href":"https:\/\/www.egemtv.com\/index.php?rest_route=\/wp\/v2\/types\/post"}],"author":[{"embeddable":true,"href":"https:\/\/www.egemtv.com\/index.php?rest_route=\/wp\/v2\/users\/1"}],"replies":[{"embeddable":true,"href":"https:\/\/www.egemtv.com\/index.php?rest_route=%2Fwp%2Fv2%2Fcomments&post=12301"}],"version-history":[{"count":1,"href":"https:\/\/www.egemtv.com\/index.php?rest_route=\/wp\/v2\/posts\/12301\/revisions"}],"predecessor-version":[{"id":12303,"href":"https:\/\/www.egemtv.com\/index.php?rest_route=\/wp\/v2\/posts\/12301\/revisions\/12303"}],"wp:featuredmedia":[{"embeddable":true,"href":"https:\/\/www.egemtv.com\/index.php?rest_route=\/wp\/v2\/media\/12302"}],"wp:attachment":[{"href":"https:\/\/www.egemtv.com\/index.php?rest_route=%2Fwp%2Fv2%2Fmedia&parent=12301"}],"wp:term":[{"taxonomy":"category","embeddable":true,"href":"https:\/\/www.egemtv.com\/index.php?rest_route=%2Fwp%2Fv2%2Fcategories&post=12301"},{"taxonomy":"post_tag","embeddable":true,"href":"https:\/\/www.egemtv.com\/index.php?rest_route=%2Fwp%2Fv2%2Ftags&post=12301"}],"curies":[{"name":"wp","href":"https:\/\/api.w.org\/{rel}","templated":true}]}}