{"id":12298,"date":"2025-01-25T12:31:19","date_gmt":"2025-01-25T09:31:19","guid":{"rendered":"https:\/\/www.egemtv.com\/?p=12298"},"modified":"2025-01-25T12:31:21","modified_gmt":"2025-01-25T09:31:21","slug":"datcada-19-acik-kis-yuzme-maratonu-start-aldi","status":"publish","type":"post","link":"https:\/\/www.egemtv.com\/?p=12298","title":{"rendered":"Dat\u00e7a\u2019da 19. A\u00e7\u0131k K\u0131\u015f Y\u00fczme Maratonu start ald\u0131"},"content":{"rendered":"<p>Mu\u011fla\u2019n\u0131n Dat\u00e7a il\u00e7esinde geleneksel hale getirilen \u2018Dat\u00e7a A\u00e7\u0131k K\u0131\u015f Y\u00fczme Maratonu\u2019nun bu y\u0131l 19\u2019uncu d\u00fczenlenirken, maratona bu y\u0131l 500\u2019\u00fc ge\u00e7kin sporcu kat\u0131ld\u0131.<\/p>\n<p>Ge\u00e7ti\u011fimiz y\u0131llarda organize edilen, 2012 y\u0131l\u0131ndan itibaren Gen\u00e7lik ve Spor Bakanl\u0131\u011f\u0131, Dat\u00e7a Kaymakaml\u0131\u011f\u0131, Mu\u011fla B\u00fcy\u00fck\u015fehir Belediyesi ile \u00e7e\u015fitli kurum ve kurulu\u015flar\u0131n destekleriyle devam eden \u2019Dat\u00e7a A\u00e7\u0131k Deniz K\u0131\u015f Y\u00fczme Maratonu\u2019 her ge\u00e7en y\u0131l kat\u0131l\u0131mc\u0131 rekoru k\u0131rmaya devam ediyor. Ta\u015fl\u0131k Plaj\u0131\u2019nda d\u00fczenlenen 19. Dat\u00e7a A\u00e7\u0131k K\u0131\u015f Y\u00fczme Maratonu\u2019na bu y\u0131l kad\u0131nlar ve erkekler olmak \u00fczere 500\u2019\u00fc ge\u00e7kin sporcu kat\u0131ld\u0131. Maratonun bu y\u0131lki temas\u0131 \u2019Her Kula\u00e7 Kurakl\u0131\u011fa \u0130la\u00e7\u2019 slogan\u0131yla iklim de\u011fi\u015fikli\u011fi ve kurakl\u0131k problemi olarak belirlendi. T\u00fcrkiye\u2019nin pek \u00e7ok yerinden sporcular\u0131 a\u011f\u0131rlayan maratona ayr\u0131ca bu y\u0131l 8 farkl\u0131 \u00fclkeden 20 yabanc\u0131 uyruklu y\u00fcz\u00fcc\u00fc de kat\u0131l\u0131m sa\u011fl\u0131yor. Bin 500 metre k\u0131sa parkur ve 5 bin metre uzun parkur olarak d\u00fczenlenen maraton, 13 kategoride d\u00fczenleniyor.<\/p>\n<p>Protokol \u00fcyelerinin kat\u0131ld\u0131\u011f\u0131 t\u00f6ren ile maraton ba\u015flat\u0131l\u0131rken, izleyiciler de alk\u0131\u015flar\u0131 ile sporculara destek veriyor.<br \/><\/p>\n","protected":false},"excerpt":{"rendered":"<p>Mu\u011fla\u2019n\u0131n Dat\u00e7a il\u00e7esinde geleneksel hale getirilen \u2018Dat\u00e7a A\u00e7\u0131k K\u0131\u015f Y\u00fczme Maratonu\u2019nun bu y\u0131l 19\u2019uncu d\u00fczenlenirken, maratona bu y\u0131l 500\u2019\u00fc ge\u00e7kin sporcu kat\u0131ld\u0131. Ge\u00e7ti\u011fimiz y\u0131llarda organize edilen, 2012 y\u0131l\u0131ndan itibaren Gen\u00e7lik ve Spor Bakanl\u0131\u011f\u0131, Dat\u00e7a Kaymakaml\u0131\u011f\u0131, Mu\u011fla B\u00fcy\u00fck\u015fehir Belediyesi ile \u00e7e\u015fitli kurum ve kurulu\u015flar\u0131n destekleriyle devam eden \u2019Dat\u00e7a A\u00e7\u0131k Deniz K\u0131\u015f Y\u00fczme Maratonu\u2019 her ge\u00e7en y\u0131l&#8230;<\/p>\n","protected":false},"author":1,"featured_media":12299,"comment_status":"open","ping_status":"open","sticky":false,"template":"","format":"standard","meta":{"_crdt_document":"","footnotes":""},"categories":[4],"tags":[],"class_list":["post-12298","post","type-post","status-publish","format-standard","has-post-thumbnail","hentry","category-spor"],"_links":{"self":[{"href":"https:\/\/www.egemtv.com\/index.php?rest_route=\/wp\/v2\/posts\/12298","targetHints":{"allow":["GET"]}}],"collection":[{"href":"https:\/\/www.egemtv.com\/index.php?rest_route=\/wp\/v2\/posts"}],"about":[{"href":"https:\/\/www.egemtv.com\/index.php?rest_route=\/wp\/v2\/types\/post"}],"author":[{"embeddable":true,"href":"https:\/\/www.egemtv.com\/index.php?rest_route=\/wp\/v2\/users\/1"}],"replies":[{"embeddable":true,"href":"https:\/\/www.egemtv.com\/index.php?rest_route=%2Fwp%2Fv2%2Fcomments&post=12298"}],"version-history":[{"count":1,"href":"https:\/\/www.egemtv.com\/index.php?rest_route=\/wp\/v2\/posts\/12298\/revisions"}],"predecessor-version":[{"id":12300,"href":"https:\/\/www.egemtv.com\/index.php?rest_route=\/wp\/v2\/posts\/12298\/revisions\/12300"}],"wp:featuredmedia":[{"embeddable":true,"href":"https:\/\/www.egemtv.com\/index.php?rest_route=\/wp\/v2\/media\/12299"}],"wp:attachment":[{"href":"https:\/\/www.egemtv.com\/index.php?rest_route=%2Fwp%2Fv2%2Fmedia&parent=12298"}],"wp:term":[{"taxonomy":"category","embeddable":true,"href":"https:\/\/www.egemtv.com\/index.php?rest_route=%2Fwp%2Fv2%2Fcategories&post=12298"},{"taxonomy":"post_tag","embeddable":true,"href":"https:\/\/www.egemtv.com\/index.php?rest_route=%2Fwp%2Fv2%2Ftags&post=12298"}],"curies":[{"name":"wp","href":"https:\/\/api.w.org\/{rel}","templated":true}]}}