{"id":12295,"date":"2025-01-25T12:28:01","date_gmt":"2025-01-25T09:28:01","guid":{"rendered":"https:\/\/www.egemtv.com\/?p=12295"},"modified":"2025-01-25T12:28:03","modified_gmt":"2025-01-25T09:28:03","slug":"basyigite-veda-programi","status":"publish","type":"post","link":"https:\/\/www.egemtv.com\/?p=12295","title":{"rendered":"Ba\u015fyi\u011fit\u2019e veda program\u0131"},"content":{"rendered":"<p>Milli E\u011fitim Bakanl\u0131\u011f\u0131 Personel Genel M\u00fcd\u00fcrl\u00fc\u011f\u00fc Koordinasyon Birimine tayin edilen K\u00fctahya \u0130l Milli E\u011fitim M\u00fcd\u00fcr\u00fc Hasan Ba\u015fyi\u011fit i\u00e7in veda program\u0131 ger\u00e7ekle\u015ftirildi.<br \/>\n<br \/>\u00d6\u011fretmenevindeki veda program\u0131na, Milli E\u011fitim M\u00fcd\u00fcr Yard\u0131mc\u0131lar\u0131, \u015eube M\u00fcd\u00fcrleri ve \u0130l Milli E\u011fitim M\u00fcd\u00fcrl\u00fc\u011f\u00fc hizmet binas\u0131nda g\u00f6rev yapan personel kat\u0131ld\u0131.<br \/>\n<br \/>\u0130l Milli E\u011fitim M\u00fcd\u00fcr\u00fc Hasan Ba\u015fyi\u011fit programda yapt\u0131\u011f\u0131 konu\u015fmada,\u201d Bundan 7 y\u0131l \u00f6nce, 5 Ocak 2018 tarihinde aran\u0131za kat\u0131ld\u0131m. Kendi memleketimde \u00e7al\u0131\u015fman\u0131n gururunu ve mutlulu\u011funu ya\u015fad\u0131m. Bu s\u00fcre\u00e7te siz de\u011ferli \u00e7al\u0131\u015fma arkada\u015flar\u0131m\u0131n deste\u011fiyle b\u00fcy\u00fck i\u015flere imza att\u0131k. K\u00fctahya\u2019da il m\u00fcd\u00fcrl\u00fc\u011f\u00fc yapm\u0131\u015f K\u00fctahyal\u0131 ilk ve tek isim olmak Allah\u2019\u0131n bir l\u00fctfu. Ayr\u0131ca K\u00fctahya\u2019da \u015fimdiye kadar en uzun s\u00fcre g\u00f6rev yapmak da bize nasip oldu. G\u00f6rev s\u00fcrem boyunca birlikte hareket etmeye, insan odakl\u0131 bir y\u00f6netim anlay\u0131\u015f\u0131 sergilemeye \u00f6zen g\u00f6sterdim. Deprem riski ta\u015f\u0131yan 44 binan\u0131n y\u0131k\u0131m\u0131ndan, 50 yeni binan\u0131n in\u015fas\u0131na ve g\u00fc\u00e7lendirilmesi gereken binalar\u0131n tamam\u0131na yak\u0131n\u0131n\u0131n yenilenmesine kadar pek \u00e7ok projeyi hayata ge\u00e7irdik. E\u011fitime katk\u0131lar\u0131m\u0131z\u0131 art\u0131rmak amac\u0131yla ba\u015flatt\u0131\u011f\u0131m\u0131z ve &#8220;Maarif 43 Hareketi\u201d ad\u0131yla y\u00fcr\u00fctt\u00fc\u011f\u00fcm\u00fcz proje sayesinde e\u011fitim, \u00f6\u011fretim kalitesini art\u0131rmay\u0131 hedefledik\u201d dedi.<br \/>\n<br \/>Herkesten haklar\u0131n\u0131 helal etmelerini isteyen M\u00fcd\u00fcr Hasan Ba\u015fyi\u011fit, \u201cBenim hakk\u0131m varsa helal olsun. Her zaman yan\u0131n\u0131zday\u0131m. K\u00fctahya\u2019ya ve e\u011fitim camias\u0131na hizmet etmi\u015f olmam benim i\u00e7in b\u00fcy\u00fck bir onurdur. Bundan sonraki g\u00f6revimde Milli E\u011fitim Bakanl\u0131\u011f\u0131 Personel Genel M\u00fcd\u00fcrl\u00fc\u011f\u00fc Koordinasyon Biriminde \u00e7al\u0131\u015faca\u011f\u0131m\u201d dedi.<br \/>\n<br \/>Konu\u015fmas\u0131n\u0131n sonunda ailenin \u00f6nemini de vurgu yapan M\u00fcd\u00fcr Hasan Ba\u015fyi\u011fit, g\u00f6revi s\u00fcresince deste\u011fini esirgemeyen e\u015fine te\u015fekk\u00fcr etti.<br \/><\/p>\n","protected":false},"excerpt":{"rendered":"<p>Milli E\u011fitim Bakanl\u0131\u011f\u0131 Personel Genel M\u00fcd\u00fcrl\u00fc\u011f\u00fc Koordinasyon Birimine tayin edilen K\u00fctahya \u0130l Milli E\u011fitim M\u00fcd\u00fcr\u00fc Hasan Ba\u015fyi\u011fit i\u00e7in veda program\u0131 ger\u00e7ekle\u015ftirildi. \u00d6\u011fretmenevindeki veda program\u0131na, Milli E\u011fitim M\u00fcd\u00fcr Yard\u0131mc\u0131lar\u0131, \u015eube M\u00fcd\u00fcrleri ve \u0130l Milli E\u011fitim M\u00fcd\u00fcrl\u00fc\u011f\u00fc hizmet binas\u0131nda g\u00f6rev yapan personel kat\u0131ld\u0131. \u0130l Milli E\u011fitim M\u00fcd\u00fcr\u00fc Hasan Ba\u015fyi\u011fit programda yapt\u0131\u011f\u0131 konu\u015fmada,\u201d Bundan 7 y\u0131l \u00f6nce, 5&#8230;<\/p>\n","protected":false},"author":1,"featured_media":12296,"comment_status":"open","ping_status":"open","sticky":false,"template":"","format":"standard","meta":{"_crdt_document":"","footnotes":""},"categories":[1],"tags":[],"class_list":["post-12295","post","type-post","status-publish","format-standard","has-post-thumbnail","hentry","category-guncel"],"_links":{"self":[{"href":"https:\/\/www.egemtv.com\/index.php?rest_route=\/wp\/v2\/posts\/12295","targetHints":{"allow":["GET"]}}],"collection":[{"href":"https:\/\/www.egemtv.com\/index.php?rest_route=\/wp\/v2\/posts"}],"about":[{"href":"https:\/\/www.egemtv.com\/index.php?rest_route=\/wp\/v2\/types\/post"}],"author":[{"embeddable":true,"href":"https:\/\/www.egemtv.com\/index.php?rest_route=\/wp\/v2\/users\/1"}],"replies":[{"embeddable":true,"href":"https:\/\/www.egemtv.com\/index.php?rest_route=%2Fwp%2Fv2%2Fcomments&post=12295"}],"version-history":[{"count":1,"href":"https:\/\/www.egemtv.com\/index.php?rest_route=\/wp\/v2\/posts\/12295\/revisions"}],"predecessor-version":[{"id":12297,"href":"https:\/\/www.egemtv.com\/index.php?rest_route=\/wp\/v2\/posts\/12295\/revisions\/12297"}],"wp:featuredmedia":[{"embeddable":true,"href":"https:\/\/www.egemtv.com\/index.php?rest_route=\/wp\/v2\/media\/12296"}],"wp:attachment":[{"href":"https:\/\/www.egemtv.com\/index.php?rest_route=%2Fwp%2Fv2%2Fmedia&parent=12295"}],"wp:term":[{"taxonomy":"category","embeddable":true,"href":"https:\/\/www.egemtv.com\/index.php?rest_route=%2Fwp%2Fv2%2Fcategories&post=12295"},{"taxonomy":"post_tag","embeddable":true,"href":"https:\/\/www.egemtv.com\/index.php?rest_route=%2Fwp%2Fv2%2Ftags&post=12295"}],"curies":[{"name":"wp","href":"https:\/\/api.w.org\/{rel}","templated":true}]}}