{"id":12277,"date":"2025-01-25T11:46:19","date_gmt":"2025-01-25T08:46:19","guid":{"rendered":"https:\/\/www.egemtv.com\/?p=12277"},"modified":"2025-01-25T11:46:21","modified_gmt":"2025-01-25T08:46:21","slug":"muglaspora-tecrubeli-kaleci-takviyesi","status":"publish","type":"post","link":"https:\/\/www.egemtv.com\/?p=12277","title":{"rendered":"Mu\u011flaspor\u2019a tecr\u00fcbeli kaleci takviyesi"},"content":{"rendered":"<p>Mu\u011flaspor, transfer \u00e7al\u0131\u015fmalar\u0131na h\u0131z kesmeden devam ederken, ye\u015fil-beyazl\u0131 ekip 2. Lig ekiplerinden Elaz\u0131\u011fspor\u2019da forma giyen 29 ya\u015f\u0131ndaki deneyimli kaleci \u0130smet Yumako\u011fullar\u0131\u2019n\u0131 kadrosuna katt\u0131.<\/p>\n<p>Futbol kariyerine Fenerbah\u00e7e altyap\u0131s\u0131nda ba\u015flayan ve sar\u0131-lacivertli ekipte profesyonelli\u011fe ad\u0131m atan \u0130smet Yumako\u011fullar\u0131, kariyerinde s\u0131ras\u0131yla Tav\u015fanl\u0131 Linyit, Tokatspor, Pazarspor, Afyonspor, Bayburt \u00d6\u0130S, Sancaktepe FK, K\u0131r\u015fehir FK, 1922 Konyaspor, Esenler Erokspor, Kocaelispor, I\u011fd\u0131r FK ve Elaz\u0131\u011fspor formalar\u0131n\u0131 giydi. 1.93 boyundaki deneyimli file bek\u00e7isi, kariyerine 2. ve 3. Lig \u015fampiyonluklar\u0131 s\u0131\u011fd\u0131rmay\u0131 ba\u015fard\u0131.<\/p>\n<p>Transferi resmiyete d\u00f6kmek i\u00e7in Mu\u011flaspor Kul\u00fcp Tesisleri\u2019nde bir imza t\u00f6reni ger\u00e7ekle\u015ftirildi. T\u00f6rende Mu\u011flaspor Ba\u015fkan Vekili Muhammet Ali Bah\u00e7eyaka, Mali Asba\u015fkan Semih Soykan, ve B\u00f6lge Temsilcisi Fahri Kele\u015f haz\u0131r bulundu. Yeni transfer \u0130smet Yumako\u011fullar\u0131, Mu\u011flaspor formas\u0131yla \u00e7\u0131kt\u0131\u011f\u0131 yeni yolculukta tak\u0131m\u0131na katk\u0131 sa\u011flamay\u0131 hedefledi\u011fini belirtti. Kul\u00fcp y\u00f6netimi ise Yumako\u011fullar\u0131\u2019n\u0131n tecr\u00fcbesinin tak\u0131ma \u00f6nemli bir de\u011fer kataca\u011f\u0131na inand\u0131klar\u0131n\u0131 ifade etti.<br \/><\/p>\n","protected":false},"excerpt":{"rendered":"<p>Mu\u011flaspor, transfer \u00e7al\u0131\u015fmalar\u0131na h\u0131z kesmeden devam ederken, ye\u015fil-beyazl\u0131 ekip 2. Lig ekiplerinden Elaz\u0131\u011fspor\u2019da forma giyen 29 ya\u015f\u0131ndaki deneyimli kaleci \u0130smet Yumako\u011fullar\u0131\u2019n\u0131 kadrosuna katt\u0131. Futbol kariyerine Fenerbah\u00e7e altyap\u0131s\u0131nda ba\u015flayan ve sar\u0131-lacivertli ekipte profesyonelli\u011fe ad\u0131m atan \u0130smet Yumako\u011fullar\u0131, kariyerinde s\u0131ras\u0131yla Tav\u015fanl\u0131 Linyit, Tokatspor, Pazarspor, Afyonspor, Bayburt \u00d6\u0130S, Sancaktepe FK, K\u0131r\u015fehir FK, 1922 Konyaspor, Esenler Erokspor, Kocaelispor, I\u011fd\u0131r&#8230;<\/p>\n","protected":false},"author":1,"featured_media":12278,"comment_status":"open","ping_status":"open","sticky":false,"template":"","format":"standard","meta":{"_crdt_document":"","footnotes":""},"categories":[4],"tags":[],"class_list":["post-12277","post","type-post","status-publish","format-standard","has-post-thumbnail","hentry","category-spor"],"_links":{"self":[{"href":"https:\/\/www.egemtv.com\/index.php?rest_route=\/wp\/v2\/posts\/12277","targetHints":{"allow":["GET"]}}],"collection":[{"href":"https:\/\/www.egemtv.com\/index.php?rest_route=\/wp\/v2\/posts"}],"about":[{"href":"https:\/\/www.egemtv.com\/index.php?rest_route=\/wp\/v2\/types\/post"}],"author":[{"embeddable":true,"href":"https:\/\/www.egemtv.com\/index.php?rest_route=\/wp\/v2\/users\/1"}],"replies":[{"embeddable":true,"href":"https:\/\/www.egemtv.com\/index.php?rest_route=%2Fwp%2Fv2%2Fcomments&post=12277"}],"version-history":[{"count":1,"href":"https:\/\/www.egemtv.com\/index.php?rest_route=\/wp\/v2\/posts\/12277\/revisions"}],"predecessor-version":[{"id":12279,"href":"https:\/\/www.egemtv.com\/index.php?rest_route=\/wp\/v2\/posts\/12277\/revisions\/12279"}],"wp:featuredmedia":[{"embeddable":true,"href":"https:\/\/www.egemtv.com\/index.php?rest_route=\/wp\/v2\/media\/12278"}],"wp:attachment":[{"href":"https:\/\/www.egemtv.com\/index.php?rest_route=%2Fwp%2Fv2%2Fmedia&parent=12277"}],"wp:term":[{"taxonomy":"category","embeddable":true,"href":"https:\/\/www.egemtv.com\/index.php?rest_route=%2Fwp%2Fv2%2Fcategories&post=12277"},{"taxonomy":"post_tag","embeddable":true,"href":"https:\/\/www.egemtv.com\/index.php?rest_route=%2Fwp%2Fv2%2Ftags&post=12277"}],"curies":[{"name":"wp","href":"https:\/\/api.w.org\/{rel}","templated":true}]}}