{"id":12271,"date":"2025-01-25T11:37:10","date_gmt":"2025-01-25T08:37:10","guid":{"rendered":"https:\/\/www.egemtv.com\/?p=12271"},"modified":"2025-01-25T11:37:12","modified_gmt":"2025-01-25T08:37:12","slug":"miniklerden-cevreci-davranis","status":"publish","type":"post","link":"https:\/\/www.egemtv.com\/?p=12271","title":{"rendered":"Miniklerden \u00e7evreci davran\u0131\u015f"},"content":{"rendered":"<p>Manisa\u2019n\u0131n Ala\u015fehir il\u00e7esinde oyun alanlar\u0131 olan park\u0131n strafor par\u00e7alar\u0131yla kirletildi\u011fini g\u00f6ren minik \u00e7ocuklar elbirli\u011fiyle parklar\u0131n\u0131 temizledi.<br \/>\n<br \/>Manisa\u2019n\u0131n Ala\u015fehir il\u00e7esi So\u011fuksu Mahallesindeki Beye\u015fl\u00fcl \u0130lkokulu Park\u0131n\u0131n strafor par\u00e7alar\u0131yla kirletildi\u011fini g\u00f6ren bir veli \u00e7ocuklar\u0131yla birlikte parkta temizlik \u00e7al\u0131\u015fmas\u0131 yapt\u0131. Parktan ge\u00e7en anne Neslihan Tuncel ve \u00e7ocuklar, parkta \u00e7evre kirlili\u011fine neden olan strafor par\u00e7alar\u0131n\u0131 toplay\u0131p \u00e7\u00f6pe atarak \u00e7ocuklar\u0131n oyun alanlar\u0131n\u0131 temizledi.<br \/>\n<br \/>\u0130lkokul 3. s\u0131n\u0131f \u00f6\u011frencisi Reyhan G\u00fcne\u015f, &#8220;Arkada\u015flar\u0131m\u0131z yapmamam\u0131z gereken yanl\u0131\u015f bir davran\u0131\u015f yapm\u0131\u015flar. Bunu yapmalar\u0131 \u00e7ok yanl\u0131\u015f olmu\u015f. Bizde toplay\u0131p \u00e7\u00f6pe at\u0131yoruz. \u00c7\u00fcnk\u00fc \u00e7evremizi temiz tutup, temiz korumam\u0131z gerekir.&#8221; dedi.<br \/>\n<br \/>&#8220;\u00d6\u011fretmenlerimiz ve ailemiz bize \u00e7evremizi temiz tutmay\u0131, yerlere \u00e7\u00f6p atmamam\u0131z gerekti\u011fini \u00f6\u011fretiyor. \u00d6\u011frendiklerimizi evimizde, okulumuzda, caddelerde, parklarda g\u00f6sterip, her taraf\u0131 temiz tutmal\u0131y\u0131z.&#8221; diyen \u0130lkokul 4. s\u0131n\u0131f \u00f6\u011frencisi Sabri Gurur Tuncel, &#8220;Baz\u0131 \u00e7ocuklar yanl\u0131\u015f bir davran\u0131\u015f yaparak, bu k\u00f6p\u00fckleri burada par\u00e7alay\u0131p, \u00e7\u00f6pleri buraya atm\u0131\u015flar, toplamadan da gitmi\u015fler. Bizde onlar\u0131n att\u0131klar\u0131n\u0131 topluyoruz.&#8221; \u015feklinde konu\u015ftu.<br \/>\n<br \/>\u00c7ocuklar\u0131yla birlikte parktan ge\u00e7erken \u00e7evrenin kirletildi\u011fini fark ettiklerini hem bu duruma kay\u0131ts\u0131z kalmamak hem de \u00e7ocuklara \u00f6rnek olmak i\u00e7in temizlik \u00e7al\u0131\u015fmas\u0131 yapt\u0131klar\u0131n\u0131 kaydeden Anne Neslihan Tuncel,  &#8220;Ala\u015fehir Belediyesi temizlik g\u00f6revlileri buralar\u0131 g\u00fcnl\u00fck olarak temizliyor. Belediyemizin temizli\u011finden \u00e7ok \u015f\u00fck\u00fcr memnunuz ama \u00e7ocuklar ne yaz\u0131k ki b\u00fcy\u00fck bir k\u00f6p\u00fck tabakas\u0131n\u0131 burada par\u00e7alam\u0131\u015flar. Bizde \u00e7ocuklar\u0131m\u0131za daha iyi bir \u00f6rnek olabilmek i\u00e7in birlikte temizliyoruz. \u00d6nemli olan temizlik de\u011fil, kirletmemektir. Kirletmedi\u011fimizde temizli\u011fe de ihtiyac\u0131m\u0131z olmayacakt\u0131r. Herkesin daha \u00e7ok \u00f6zen g\u00f6stermesini istiyoruz. Ayr\u0131ca her \u015feyi devletten beklememek gerekir. Bizlerde vatanda\u015f olarak \u00fczerimize d\u00fc\u015fen g\u00f6revleri yapmam\u0131z gerekir.  Buradan bizim \u00e7evremiz ve il\u00e7emizin tamam\u0131n\u0131 temizleyen belediye temizlik personellerine \u00e7ok te\u015fekk\u00fcr ediyoruz.&#8221; dedi.<br \/><\/p>\n","protected":false},"excerpt":{"rendered":"<p>Manisa\u2019n\u0131n Ala\u015fehir il\u00e7esinde oyun alanlar\u0131 olan park\u0131n strafor par\u00e7alar\u0131yla kirletildi\u011fini g\u00f6ren minik \u00e7ocuklar elbirli\u011fiyle parklar\u0131n\u0131 temizledi. Manisa\u2019n\u0131n Ala\u015fehir il\u00e7esi So\u011fuksu Mahallesindeki Beye\u015fl\u00fcl \u0130lkokulu Park\u0131n\u0131n strafor par\u00e7alar\u0131yla kirletildi\u011fini g\u00f6ren bir veli \u00e7ocuklar\u0131yla birlikte parkta temizlik \u00e7al\u0131\u015fmas\u0131 yapt\u0131. Parktan ge\u00e7en anne Neslihan Tuncel ve \u00e7ocuklar, parkta \u00e7evre kirlili\u011fine neden olan strafor par\u00e7alar\u0131n\u0131 toplay\u0131p \u00e7\u00f6pe atarak \u00e7ocuklar\u0131n oyun&#8230;<\/p>\n","protected":false},"author":1,"featured_media":12272,"comment_status":"open","ping_status":"open","sticky":false,"template":"","format":"standard","meta":{"_crdt_document":"","footnotes":""},"categories":[1],"tags":[],"class_list":["post-12271","post","type-post","status-publish","format-standard","has-post-thumbnail","hentry","category-guncel"],"_links":{"self":[{"href":"https:\/\/www.egemtv.com\/index.php?rest_route=\/wp\/v2\/posts\/12271","targetHints":{"allow":["GET"]}}],"collection":[{"href":"https:\/\/www.egemtv.com\/index.php?rest_route=\/wp\/v2\/posts"}],"about":[{"href":"https:\/\/www.egemtv.com\/index.php?rest_route=\/wp\/v2\/types\/post"}],"author":[{"embeddable":true,"href":"https:\/\/www.egemtv.com\/index.php?rest_route=\/wp\/v2\/users\/1"}],"replies":[{"embeddable":true,"href":"https:\/\/www.egemtv.com\/index.php?rest_route=%2Fwp%2Fv2%2Fcomments&post=12271"}],"version-history":[{"count":1,"href":"https:\/\/www.egemtv.com\/index.php?rest_route=\/wp\/v2\/posts\/12271\/revisions"}],"predecessor-version":[{"id":12273,"href":"https:\/\/www.egemtv.com\/index.php?rest_route=\/wp\/v2\/posts\/12271\/revisions\/12273"}],"wp:featuredmedia":[{"embeddable":true,"href":"https:\/\/www.egemtv.com\/index.php?rest_route=\/wp\/v2\/media\/12272"}],"wp:attachment":[{"href":"https:\/\/www.egemtv.com\/index.php?rest_route=%2Fwp%2Fv2%2Fmedia&parent=12271"}],"wp:term":[{"taxonomy":"category","embeddable":true,"href":"https:\/\/www.egemtv.com\/index.php?rest_route=%2Fwp%2Fv2%2Fcategories&post=12271"},{"taxonomy":"post_tag","embeddable":true,"href":"https:\/\/www.egemtv.com\/index.php?rest_route=%2Fwp%2Fv2%2Ftags&post=12271"}],"curies":[{"name":"wp","href":"https:\/\/api.w.org\/{rel}","templated":true}]}}