{"id":12268,"date":"2025-01-25T11:31:14","date_gmt":"2025-01-25T08:31:14","guid":{"rendered":"https:\/\/www.egemtv.com\/?p=12268"},"modified":"2025-01-25T11:31:16","modified_gmt":"2025-01-25T08:31:16","slug":"kutahya-belediyesinden-afet-ve-sifir-atik-egitimi","status":"publish","type":"post","link":"https:\/\/www.egemtv.com\/?p=12268","title":{"rendered":"K\u00fctahya Belediyesi\u2019nden afet ve s\u0131f\u0131r at\u0131k e\u011fitimi"},"content":{"rendered":"<p>K\u00fctahya Belediyesi, vatanda\u015flar\u0131n bilin\u00e7 d\u00fczeyini art\u0131rmak ve toplumsal duyarl\u0131l\u0131\u011f\u0131 g\u00fc\u00e7lendirmek amac\u0131yla d\u00fczenledi\u011fi e\u011fitim programlar\u0131na h\u0131z kesmeden devam ediyor. Bu kapsamda, Osmangazi Mahallesi muhtarl\u0131k binas\u0131nda afet fark\u0131ndal\u0131\u011f\u0131 ve s\u0131f\u0131r at\u0131k konular\u0131nda bilgilendirme e\u011fitimleri ger\u00e7ekle\u015ftirildi.<br \/>\n<br \/>Afet fark\u0131ndal\u0131k e\u011fitimi kapsam\u0131nda, vatanda\u015flara muhtemel afet durumlar\u0131nda g\u00fcvenli hareket etme y\u00f6ntemleri, haz\u0131rl\u0131k s\u00fcre\u00e7leri ve do\u011fru davran\u0131\u015f bi\u00e7imleri hakk\u0131nda hayati bilgiler aktar\u0131ld\u0131. E\u011fitimle birlikte, afetlere kar\u015f\u0131 bilin\u00e7li bir yakla\u015f\u0131m kazand\u0131r\u0131lmas\u0131 hedeflendi.<br \/>\n<br \/>S\u0131f\u0131r At\u0131k E\u011fitimi ise \u00e7evreyi koruman\u0131n bireysel \u00e7abalarla nas\u0131l m\u00fcmk\u00fcn olabilece\u011fine dikkat \u00e7ekti. Geri d\u00f6n\u00fc\u015f\u00fcm ve at\u0131k y\u00f6netimi gibi konular\u0131n yan\u0131 s\u0131ra iklim de\u011fi\u015fikli\u011fi, sera gaz\u0131 sal\u0131n\u0131m\u0131 ve su tasarrufu gibi \u00f6nemli ba\u015fl\u0131klarda bilgiler payla\u015f\u0131ld\u0131. Ayr\u0131ca, K\u00fctahya Belediyesi\u2019nin iklim dostu \u015fehir olma yolundaki \u00e7al\u0131\u015fmalar\u0131 da anlat\u0131larak vatanda\u015flar\u0131n sorular\u0131 yan\u0131tland\u0131.<br \/><\/p>\n","protected":false},"excerpt":{"rendered":"<p>K\u00fctahya Belediyesi, vatanda\u015flar\u0131n bilin\u00e7 d\u00fczeyini art\u0131rmak ve toplumsal duyarl\u0131l\u0131\u011f\u0131 g\u00fc\u00e7lendirmek amac\u0131yla d\u00fczenledi\u011fi e\u011fitim programlar\u0131na h\u0131z kesmeden devam ediyor. Bu kapsamda, Osmangazi Mahallesi muhtarl\u0131k binas\u0131nda afet fark\u0131ndal\u0131\u011f\u0131 ve s\u0131f\u0131r at\u0131k konular\u0131nda bilgilendirme e\u011fitimleri ger\u00e7ekle\u015ftirildi. Afet fark\u0131ndal\u0131k e\u011fitimi kapsam\u0131nda, vatanda\u015flara muhtemel afet durumlar\u0131nda g\u00fcvenli hareket etme y\u00f6ntemleri, haz\u0131rl\u0131k s\u00fcre\u00e7leri ve do\u011fru davran\u0131\u015f bi\u00e7imleri hakk\u0131nda hayati bilgiler aktar\u0131ld\u0131&#8230;.<\/p>\n","protected":false},"author":1,"featured_media":12269,"comment_status":"open","ping_status":"open","sticky":false,"template":"","format":"standard","meta":{"_crdt_document":"","footnotes":""},"categories":[1],"tags":[],"class_list":["post-12268","post","type-post","status-publish","format-standard","has-post-thumbnail","hentry","category-guncel"],"_links":{"self":[{"href":"https:\/\/www.egemtv.com\/index.php?rest_route=\/wp\/v2\/posts\/12268","targetHints":{"allow":["GET"]}}],"collection":[{"href":"https:\/\/www.egemtv.com\/index.php?rest_route=\/wp\/v2\/posts"}],"about":[{"href":"https:\/\/www.egemtv.com\/index.php?rest_route=\/wp\/v2\/types\/post"}],"author":[{"embeddable":true,"href":"https:\/\/www.egemtv.com\/index.php?rest_route=\/wp\/v2\/users\/1"}],"replies":[{"embeddable":true,"href":"https:\/\/www.egemtv.com\/index.php?rest_route=%2Fwp%2Fv2%2Fcomments&post=12268"}],"version-history":[{"count":1,"href":"https:\/\/www.egemtv.com\/index.php?rest_route=\/wp\/v2\/posts\/12268\/revisions"}],"predecessor-version":[{"id":12270,"href":"https:\/\/www.egemtv.com\/index.php?rest_route=\/wp\/v2\/posts\/12268\/revisions\/12270"}],"wp:featuredmedia":[{"embeddable":true,"href":"https:\/\/www.egemtv.com\/index.php?rest_route=\/wp\/v2\/media\/12269"}],"wp:attachment":[{"href":"https:\/\/www.egemtv.com\/index.php?rest_route=%2Fwp%2Fv2%2Fmedia&parent=12268"}],"wp:term":[{"taxonomy":"category","embeddable":true,"href":"https:\/\/www.egemtv.com\/index.php?rest_route=%2Fwp%2Fv2%2Fcategories&post=12268"},{"taxonomy":"post_tag","embeddable":true,"href":"https:\/\/www.egemtv.com\/index.php?rest_route=%2Fwp%2Fv2%2Ftags&post=12268"}],"curies":[{"name":"wp","href":"https:\/\/api.w.org\/{rel}","templated":true}]}}