{"id":12265,"date":"2025-01-25T11:28:14","date_gmt":"2025-01-25T08:28:14","guid":{"rendered":"https:\/\/www.egemtv.com\/?p=12265"},"modified":"2025-01-25T11:28:18","modified_gmt":"2025-01-25T08:28:18","slug":"efeler-belediyesinde-pankart-krizi","status":"publish","type":"post","link":"https:\/\/www.egemtv.com\/?p=12265","title":{"rendered":"Efeler Belediyesi\u2019nde pankart krizi"},"content":{"rendered":"<p>Daha \u00f6nce imar konusunda bir\u00e7ok olumsuzluk ile g\u00fcndeme gelen Efeler Belediyesi\u2019nde bu sefer de pankart krizi patlak verdi.<\/p>\n<p>Ayd\u0131n\u2019\u0131n Efeler il\u00e7esinde ge\u00e7ti\u011fimiz aylarda ruhsat belgelerini alamad\u0131klar\u0131n\u0131 iddia eden in\u015faat firmas\u0131 yetkilileri Efeler Belediyesi \u00f6n\u00fcnde toplanm\u0131\u015f ve taraflar aras\u0131nda gerginlik ya\u015fanm\u0131\u015ft\u0131. Olay\u0131n ard\u0131ndan a\u00e7\u0131klama yapan Efeler Belediye Ba\u015fkan\u0131 An\u0131l Yeti\u015fkin, onay bekleyen imar dosyalar\u0131n\u0131n \u00f6nemli k\u0131sm\u0131n\u0131n bir \u00f6nceki y\u00f6netim d\u00f6neminden kald\u0131\u011f\u0131n\u0131 belirterek, \u201cBa\u015fvurular, yasalara ve ahlaka uygunsa biz kimsenin i\u015finin \u00f6n\u00fcne ge\u00e7meyiz. Bizden \u00f6nceki y\u00f6netim d\u00f6neminden bekleyen ve vatanda\u015flar\u0131n ciddi zaman kaybetmesine neden olan dosyalar var. Bu durum bizim d\u00f6nemimizden kaynaklanm\u0131yor. Biz, imza ataca\u011f\u0131m\u0131z t\u00fcm dosyalar\u0131n yasal ve ahlaki a\u00e7\u0131dan uygunlu\u011funu incelemek zorunday\u0131z\u201d ifadelerini kullanm\u0131\u015ft\u0131.<\/p>\n<p>&#8220;Herkes her \u015feyi biliyor&#8221;<br \/>\n<br \/>O g\u00fcnden bu yana \u00e7e\u015fitli olumsuz iddialarla kamuoyunu me\u015fgul eden Efeler Belediyesi, bu kez belediye hizmet binas\u0131 \u00f6n\u00fcndeki \u00fcst ge\u00e7ide as\u0131lan pankart ile yeniden g\u00fcndeme geldi. Edinilen bilgiye g\u00f6re, \u00fczerinde Ba\u015fkan An\u0131l Yeti\u015fkin ve imardan sorumlu ba\u015fkan yard\u0131mc\u0131s\u0131 \u0130brahim Metin Ba\u015fer oldu\u011fu iddia edilen ki\u015filerin konu\u015fma mizanseninin resmedildi\u011fi pankart belediyeyi harekete ge\u00e7irdi. Kimli\u011fi belirsiz ki\u015fi yada ki\u015filerce as\u0131lan pankartta konu\u015fma balonlar\u0131 i\u00e7erisinde \u2019Ba\u015fkan yard\u0131mc\u0131s\u0131 Ba\u015fer: An\u0131l abi \u015fu m\u00fcteahhitten araba isteyelim nas\u0131l olsa \u00d6zlem abla ile Ertu\u011frul abim bizi korur, Yeti\u015fkin: Belediyeye iste r\u00fc\u015fvet olmas\u0131n&#8221; ifadelerine yer verildi. \u00d6te yandan pankart\u0131n en alt\u0131ndaki \u2019herkes her \u015feyi biliyor, devam\u0131 gelecek..\u2019 yaz\u0131s\u0131 da dikkat \u00e7ekti.<\/p>\n<p>Efeler Belediyesi\u2019nin as\u0131lan pankartla ilgili savc\u0131l\u0131\u011fa su\u00e7 duyurusunda bulundu\u011fu \u00f6\u011frenildi.<br \/><\/p>\n","protected":false},"excerpt":{"rendered":"<p>Daha \u00f6nce imar konusunda bir\u00e7ok olumsuzluk ile g\u00fcndeme gelen Efeler Belediyesi\u2019nde bu sefer de pankart krizi patlak verdi. Ayd\u0131n\u2019\u0131n Efeler il\u00e7esinde ge\u00e7ti\u011fimiz aylarda ruhsat belgelerini alamad\u0131klar\u0131n\u0131 iddia eden in\u015faat firmas\u0131 yetkilileri Efeler Belediyesi \u00f6n\u00fcnde toplanm\u0131\u015f ve taraflar aras\u0131nda gerginlik ya\u015fanm\u0131\u015ft\u0131. Olay\u0131n ard\u0131ndan a\u00e7\u0131klama yapan Efeler Belediye Ba\u015fkan\u0131 An\u0131l Yeti\u015fkin, onay bekleyen imar dosyalar\u0131n\u0131n \u00f6nemli k\u0131sm\u0131n\u0131n&#8230;<\/p>\n","protected":false},"author":1,"featured_media":12266,"comment_status":"open","ping_status":"open","sticky":false,"template":"","format":"standard","meta":{"_crdt_document":"","footnotes":""},"categories":[1],"tags":[],"class_list":["post-12265","post","type-post","status-publish","format-standard","has-post-thumbnail","hentry","category-guncel"],"_links":{"self":[{"href":"https:\/\/www.egemtv.com\/index.php?rest_route=\/wp\/v2\/posts\/12265","targetHints":{"allow":["GET"]}}],"collection":[{"href":"https:\/\/www.egemtv.com\/index.php?rest_route=\/wp\/v2\/posts"}],"about":[{"href":"https:\/\/www.egemtv.com\/index.php?rest_route=\/wp\/v2\/types\/post"}],"author":[{"embeddable":true,"href":"https:\/\/www.egemtv.com\/index.php?rest_route=\/wp\/v2\/users\/1"}],"replies":[{"embeddable":true,"href":"https:\/\/www.egemtv.com\/index.php?rest_route=%2Fwp%2Fv2%2Fcomments&post=12265"}],"version-history":[{"count":1,"href":"https:\/\/www.egemtv.com\/index.php?rest_route=\/wp\/v2\/posts\/12265\/revisions"}],"predecessor-version":[{"id":12267,"href":"https:\/\/www.egemtv.com\/index.php?rest_route=\/wp\/v2\/posts\/12265\/revisions\/12267"}],"wp:featuredmedia":[{"embeddable":true,"href":"https:\/\/www.egemtv.com\/index.php?rest_route=\/wp\/v2\/media\/12266"}],"wp:attachment":[{"href":"https:\/\/www.egemtv.com\/index.php?rest_route=%2Fwp%2Fv2%2Fmedia&parent=12265"}],"wp:term":[{"taxonomy":"category","embeddable":true,"href":"https:\/\/www.egemtv.com\/index.php?rest_route=%2Fwp%2Fv2%2Fcategories&post=12265"},{"taxonomy":"post_tag","embeddable":true,"href":"https:\/\/www.egemtv.com\/index.php?rest_route=%2Fwp%2Fv2%2Ftags&post=12265"}],"curies":[{"name":"wp","href":"https:\/\/api.w.org\/{rel}","templated":true}]}}