{"id":12262,"date":"2025-01-25T11:28:11","date_gmt":"2025-01-25T08:28:11","guid":{"rendered":"https:\/\/www.egemtv.com\/?p=12262"},"modified":"2025-01-25T11:28:13","modified_gmt":"2025-01-25T08:28:13","slug":"desobtan-hem-vatandasi-hem-esnafi-kazandiracak-is-birligi","status":"publish","type":"post","link":"https:\/\/www.egemtv.com\/?p=12262","title":{"rendered":"DESOB\u2019tan hem vatanda\u015f\u0131 hem esnaf\u0131 kazand\u0131racak i\u015f birli\u011fi"},"content":{"rendered":"<p>Denizli Esnaf ve Sanatkarlar Odalar\u0131 Birli\u011fi (DESOB) taraf\u0131ndan www.esnafpazar.com ile yap\u0131lan protokol ile esnaflara d\u00fc\u015f\u00fck maliyetli sat\u0131\u015f imkanlar\u0131 sunulurken, al\u0131\u015fveri\u015f yapacak olan vatanda\u015flar i\u00e7in ise indirimli ve kampanyal\u0131 \u00fcr\u00fcnler imkan\u0131 sunan anla\u015fma imzaland\u0131.<\/p>\n<p>Denizli Esnaf ve Sanatkarlar Odalar\u0131 Birli\u011fi, ilimizdeki kay\u0131tl\u0131 esnaf\u0131n \u00fcr\u00fcnlerini daha iyi pazarlamas\u0131 ve sat\u0131\u015flar\u0131n\u0131 artt\u0131rmas\u0131na y\u00f6nelik olarak arge \u00e7al\u0131\u015fmalar\u0131 sonucunda, T\u00fcrkiye geneli \u00f6zellikle k\u00fc\u00e7\u00fck esnaf\u0131m\u0131z i\u00e7in kurulan ve esnaflar\u0131m\u0131za b\u00fcy\u00fck destekler sunan www.esnafpazar.com al\u0131\u015fveri\u015f sitesi sahibi Esnafa Can Ver \u015firketi ile protokol imzalad\u0131.<\/p>\n<p>K\u00fc\u00e7\u00fck esnaf\u0131n ayakta kalmas\u0131 ve geli\u015fmesi i\u00e7in sadece esnaflara y\u00f6nelik bu \u00e7al\u0131\u015fmalara ba\u015flad\u0131klar\u0131n\u0131 belirten Esnafa Can Ver Y\u00f6netim Kurulu Ba\u015fkan\u0131 Ya\u015far Yenikale \u201c \u00dclkemizde k\u00fc\u00e7\u00fck esnaf\u0131m\u0131z\u0131n daha \u00e7ok sesini duyurmas\u0131, \u00fcr\u00fcnlerini pazarlayaca\u011f\u0131 sanal pazaryerinde yerini almas\u0131 i\u00e7in b\u00f6yle bir projeyi hayata ge\u00e7irdik. Bir\u00e7ok birli\u011fimiz ile protokoller imzalayarak, ulusal ve pop\u00fcler olan al\u0131\u015fveri\u015f sitelerine kar\u015f\u0131 hem esnaf\u0131m\u0131z\u0131 koruyan gerek komisyon oranlar\u0131, gerek ucuz kargo hizmetleri ve puanlama \u00f6d\u00fcl  sistemleri ile esnaflar\u0131m\u0131za b\u00fcy\u00fck destek oluyoruz. Ayr\u0131ca buradan al\u0131\u015fveri\u015f vatanda\u015flar\u0131m\u0131z da indirimli, g\u00fcvenli bir al\u0131\u015fveri\u015f sayesinde memnun kalacakt\u0131r. Esnaflar\u0131m\u0131z\u0131n \u00fcr\u00fcnlerini ve hizmetlerini pazarlayacak olan web sitelerimiz ile onlar\u0131 dijital d\u00fcnya ile h\u0131zl\u0131 ve g\u00fcvenilir bir \u015fekilde tan\u0131\u015ft\u0131rmaya da devam edece\u011fiz. \u0130lk hizmetimiz olan www.esnafpazar.com ile al\u0131\u015fveri\u015f sekt\u00f6r\u00fc ile faaliyetimize ba\u015flad\u0131k. Ayr\u0131ca hizmet sekt\u00f6rlerimiz i\u00e7in de s\u00fcrpriz projelerimiz i\u00e7in alt yap\u0131 \u00e7al\u0131\u015fmalar\u0131m\u0131z devam ediyor.  www.rehberegir.com hizmet sekt\u00f6r\u00fc 1 Mart itibariyle, www.esnafyemek.com web sitemizde Haziran ay\u0131 itibari ile hizmete sunmay\u0131 planl\u0131yoruz\u201d dedi.<\/p>\n<p>Hem esnaf\u0131m\u0131z kazanacak hem vatanda\u015f\u0131m\u0131z kazanacak<br \/>\n<br \/>Denizli Esnaf ve Sanatkarlar Odalar\u0131 Birli\u011fi Ba\u015fkan\u0131 Mehmet Ali Erbe\u011fi, esnaf\u0131n sanal d\u00fcnyada \u00fcr\u00fcnlerini satmas\u0131 konusunda hep hayallerinin oldu\u011funa dikkat \u00e7ekerek bu protokol ile bunu ger\u00e7ekle\u015ftirdiklerini belirterek; \u201cBizler geli\u015fen teknolojinin esnaflar\u0131m\u0131z\u0131n da kullanmas\u0131 i\u00e7in hep \u00e7aba ve m\u00fccadele i\u00e7inde olduk. Bu yat\u0131r\u0131mlar b\u00fcy\u00fck yat\u0131r\u0131mlar oldu\u011fu i\u00e7in hep ara\u015ft\u0131rd\u0131k ve \u00e7\u00f6z\u00fcm arad\u0131k. Esnafa Can Ver \u015firketi ile di\u011fer birlik ba\u015fkanl\u0131klar\u0131n\u0131n protokollerini inceleyip, Denizlili esnaflar\u0131m\u0131z\u0131n da acilen bu platformda olmas\u0131n\u0131 istedik. \u015eirketin esnaflar\u0131m\u0131za verdi\u011fi \u00f6nem ve gayret projelerinden de belli zaten. Bu projelere halk\u0131m\u0131z\u0131n sahip \u00e7\u0131kmas\u0131 gerekiyor. Biz hep mahalle esnaf\u0131ndan, \u015fehrinizin sokaktaki, caddedeki esnaf\u0131m\u0131zdan al\u0131\u015fveri\u015f yapas\u0131n\u0131 \u00f6neriyorduk. \u015eimdi o esnaflar\u0131m\u0131z\u0131 sanal d\u00fcnyada da i\u015fyeri a\u00e7t\u0131r\u0131p oradan bulmalar\u0131n\u0131 o sayfadan al\u0131\u015fveri\u015f yapmalar\u0131n\u0131 istiyoruz. www.esnafpazar.com web sitesinde birli\u011fimize ba\u011fl\u0131 odalar\u0131m\u0131za kay\u0131tl\u0131 esnaflar\u0131m\u0131z g\u00f6n\u00fcl rahatl\u0131\u011f\u0131 ile 6756303 referans numaras\u0131n\u0131 kullanarak \u00fcye kayd\u0131n\u0131 yapt\u0131rabilirler. Vergi levhas\u0131 olan b\u00fct\u00fcn esnaflar\u0131m\u0131z \u00fccretsiz kay\u0131t olabilir. \u00dcr\u00fcnlerini sat\u0131\u015fa sunabilir. Vatanda\u015flar\u0131m\u0131zda bu siteden al\u0131\u015fveri\u015f yapabilir. Bu projede eme\u011fi ge\u00e7enlere te\u015fekk\u00fcr ederken, hem vatanda\u015flar\u0131m\u0131za hem de esnaf\u0131m\u0131za hay\u0131rl\u0131 olmas\u0131n\u0131 diliyorum\u201d dedi.<br \/><\/p>\n","protected":false},"excerpt":{"rendered":"<p>Denizli Esnaf ve Sanatkarlar Odalar\u0131 Birli\u011fi (DESOB) taraf\u0131ndan www.esnafpazar.com ile yap\u0131lan protokol ile esnaflara d\u00fc\u015f\u00fck maliyetli sat\u0131\u015f imkanlar\u0131 sunulurken, al\u0131\u015fveri\u015f yapacak olan vatanda\u015flar i\u00e7in ise indirimli ve kampanyal\u0131 \u00fcr\u00fcnler imkan\u0131 sunan anla\u015fma imzaland\u0131. Denizli Esnaf ve Sanatkarlar Odalar\u0131 Birli\u011fi, ilimizdeki kay\u0131tl\u0131 esnaf\u0131n \u00fcr\u00fcnlerini daha iyi pazarlamas\u0131 ve sat\u0131\u015flar\u0131n\u0131 artt\u0131rmas\u0131na y\u00f6nelik olarak arge \u00e7al\u0131\u015fmalar\u0131 sonucunda, T\u00fcrkiye&#8230;<\/p>\n","protected":false},"author":1,"featured_media":12263,"comment_status":"open","ping_status":"open","sticky":false,"template":"","format":"standard","meta":{"_crdt_document":"","footnotes":""},"categories":[125],"tags":[],"class_list":["post-12262","post","type-post","status-publish","format-standard","has-post-thumbnail","hentry","category-ekonomi"],"_links":{"self":[{"href":"https:\/\/www.egemtv.com\/index.php?rest_route=\/wp\/v2\/posts\/12262","targetHints":{"allow":["GET"]}}],"collection":[{"href":"https:\/\/www.egemtv.com\/index.php?rest_route=\/wp\/v2\/posts"}],"about":[{"href":"https:\/\/www.egemtv.com\/index.php?rest_route=\/wp\/v2\/types\/post"}],"author":[{"embeddable":true,"href":"https:\/\/www.egemtv.com\/index.php?rest_route=\/wp\/v2\/users\/1"}],"replies":[{"embeddable":true,"href":"https:\/\/www.egemtv.com\/index.php?rest_route=%2Fwp%2Fv2%2Fcomments&post=12262"}],"version-history":[{"count":1,"href":"https:\/\/www.egemtv.com\/index.php?rest_route=\/wp\/v2\/posts\/12262\/revisions"}],"predecessor-version":[{"id":12264,"href":"https:\/\/www.egemtv.com\/index.php?rest_route=\/wp\/v2\/posts\/12262\/revisions\/12264"}],"wp:featuredmedia":[{"embeddable":true,"href":"https:\/\/www.egemtv.com\/index.php?rest_route=\/wp\/v2\/media\/12263"}],"wp:attachment":[{"href":"https:\/\/www.egemtv.com\/index.php?rest_route=%2Fwp%2Fv2%2Fmedia&parent=12262"}],"wp:term":[{"taxonomy":"category","embeddable":true,"href":"https:\/\/www.egemtv.com\/index.php?rest_route=%2Fwp%2Fv2%2Fcategories&post=12262"},{"taxonomy":"post_tag","embeddable":true,"href":"https:\/\/www.egemtv.com\/index.php?rest_route=%2Fwp%2Fv2%2Ftags&post=12262"}],"curies":[{"name":"wp","href":"https:\/\/api.w.org\/{rel}","templated":true}]}}