{"id":12253,"date":"2025-01-25T11:01:06","date_gmt":"2025-01-25T08:01:06","guid":{"rendered":"https:\/\/www.egemtv.com\/?p=12253"},"modified":"2025-01-25T11:01:07","modified_gmt":"2025-01-25T08:01:07","slug":"otomobil-ile-motosiklet-carpisti-1-yarali","status":"publish","type":"post","link":"https:\/\/www.egemtv.com\/?p=12253","title":{"rendered":"Otomobil ile motosiklet \u00e7arp\u0131\u015ft\u0131: 1 yaral\u0131"},"content":{"rendered":"<p>K\u00fctahya\u2019n\u0131n Tav\u015fanl\u0131 il\u00e7esinde otomobil ile motosikletin \u00e7arp\u0131\u015fmas\u0131 sonucu meydana gelen trafik kazas\u0131nda bir ki\u015fi yaraland\u0131.<br \/>\n<br \/>Kaza, Ha\u015fim Benli Bulvar\u0131 ile Akseven Sokak kav\u015fa\u011f\u0131nda ger\u00e7ekle\u015fti. Edinilen bilgilere g\u00f6re, M.A. y\u00f6netimindeki 43 AAU 207 plakal\u0131 otomobil ile \u0130.T.E. idaresindeki 43 AFU 911 plakal\u0131 motosiklet \u00e7arp\u0131\u015ft\u0131. \u00c7evredeki vatanda\u015flar\u0131n ihbar\u0131 \u00fczerine olay yerine polis ve 112 Acil Servis ekipleri sevk edildi.<br \/>\n<br \/>Kazada yaralanan motosiklet s\u00fcr\u00fcc\u00fcs\u00fc \u0130.T.E., sa\u011fl\u0131k ekiplerinin olay yerindeki ilk m\u00fcdahalesinin ard\u0131ndan Tav\u015fanl\u0131 Do\u00e7. Dr. Mustafa Kalemli Devlet Hastanesi\u2019ne kald\u0131r\u0131ld\u0131.<br \/>\n<br \/>Kazayla ilgili soru\u015fturma ba\u015flat\u0131ld\u0131.<br \/><\/p>\n","protected":false},"excerpt":{"rendered":"<p>K\u00fctahya\u2019n\u0131n Tav\u015fanl\u0131 il\u00e7esinde otomobil ile motosikletin \u00e7arp\u0131\u015fmas\u0131 sonucu meydana gelen trafik kazas\u0131nda bir ki\u015fi yaraland\u0131. Kaza, Ha\u015fim Benli Bulvar\u0131 ile Akseven Sokak kav\u015fa\u011f\u0131nda ger\u00e7ekle\u015fti. Edinilen bilgilere g\u00f6re, M.A. y\u00f6netimindeki 43 AAU 207 plakal\u0131 otomobil ile \u0130.T.E. idaresindeki 43 AFU 911 plakal\u0131 motosiklet \u00e7arp\u0131\u015ft\u0131. \u00c7evredeki vatanda\u015flar\u0131n ihbar\u0131 \u00fczerine olay yerine polis ve 112 Acil Servis ekipleri&#8230;<\/p>\n","protected":false},"author":1,"featured_media":12254,"comment_status":"open","ping_status":"open","sticky":false,"template":"","format":"standard","meta":{"_crdt_document":"","footnotes":""},"categories":[5],"tags":[],"class_list":["post-12253","post","type-post","status-publish","format-standard","has-post-thumbnail","hentry","category-asayis"],"_links":{"self":[{"href":"https:\/\/www.egemtv.com\/index.php?rest_route=\/wp\/v2\/posts\/12253","targetHints":{"allow":["GET"]}}],"collection":[{"href":"https:\/\/www.egemtv.com\/index.php?rest_route=\/wp\/v2\/posts"}],"about":[{"href":"https:\/\/www.egemtv.com\/index.php?rest_route=\/wp\/v2\/types\/post"}],"author":[{"embeddable":true,"href":"https:\/\/www.egemtv.com\/index.php?rest_route=\/wp\/v2\/users\/1"}],"replies":[{"embeddable":true,"href":"https:\/\/www.egemtv.com\/index.php?rest_route=%2Fwp%2Fv2%2Fcomments&post=12253"}],"version-history":[{"count":1,"href":"https:\/\/www.egemtv.com\/index.php?rest_route=\/wp\/v2\/posts\/12253\/revisions"}],"predecessor-version":[{"id":12255,"href":"https:\/\/www.egemtv.com\/index.php?rest_route=\/wp\/v2\/posts\/12253\/revisions\/12255"}],"wp:featuredmedia":[{"embeddable":true,"href":"https:\/\/www.egemtv.com\/index.php?rest_route=\/wp\/v2\/media\/12254"}],"wp:attachment":[{"href":"https:\/\/www.egemtv.com\/index.php?rest_route=%2Fwp%2Fv2%2Fmedia&parent=12253"}],"wp:term":[{"taxonomy":"category","embeddable":true,"href":"https:\/\/www.egemtv.com\/index.php?rest_route=%2Fwp%2Fv2%2Fcategories&post=12253"},{"taxonomy":"post_tag","embeddable":true,"href":"https:\/\/www.egemtv.com\/index.php?rest_route=%2Fwp%2Fv2%2Ftags&post=12253"}],"curies":[{"name":"wp","href":"https:\/\/api.w.org\/{rel}","templated":true}]}}