{"id":12250,"date":"2025-01-25T11:01:03","date_gmt":"2025-01-25T08:01:03","guid":{"rendered":"https:\/\/www.egemtv.com\/?p=12250"},"modified":"2025-01-25T11:01:05","modified_gmt":"2025-01-25T08:01:05","slug":"buharkentte-balikciliga-yonelik-denetimler-devam-ediyor","status":"publish","type":"post","link":"https:\/\/www.egemtv.com\/?p=12250","title":{"rendered":"Buharkent\u2019te bal\u0131k\u00e7\u0131l\u0131\u011fa y\u00f6nelik denetimler devam ediyor"},"content":{"rendered":"<p>Buharkent \u0130l\u00e7e Tar\u0131m ve Orman M\u00fcd\u00fcrl\u00fc\u011f\u00fc taraf\u0131ndan il\u00e7edeki su \u00fcr\u00fcnleri avc\u0131l\u0131\u011f\u0131 yapan bal\u0131k\u00e7\u0131lar ve i\u015fletmelerde denetim ger\u00e7ekle\u015ftirildi.<\/p>\n<p>Buharkent \u0130l\u00e7e Tar\u0131m ve Orman M\u00fcd\u00fcrl\u00fc\u011f\u00fc\u2019n\u00fcn su \u00fcr\u00fcnleri avc\u0131l\u0131\u011f\u0131 ve sat\u0131\u015f\u0131na y\u00f6nelik denetimleri s\u00fcr\u00fcyor. Tar\u0131m ve Orman \u0130l\u00e7e M\u00fcd\u00fcr\u00fc \u0130brahim Selli\u2019nin de kat\u0131ld\u0131\u011f\u0131 yasa d\u0131\u015f\u0131 avc\u0131l\u0131kla m\u00fccadele ve s\u00fcrd\u00fcr\u00fclebilir bal\u0131k\u00e7\u0131l\u0131k uygulamalar\u0131n\u0131 te\u015fvik etmek amac\u0131yla ger\u00e7ekle\u015ftirilen denetimlerde, su \u00fcr\u00fcnleri avc\u0131l\u0131\u011f\u0131 yapan i\u015fletmelerin yasal d\u00fczenlemelere uygunlu\u011fu, av yasa\u011f\u0131na riayet edilip edilmedi\u011fi ve sat\u0131\u015f yap\u0131lan \u00fcr\u00fcnlerin tescil belgelerinin kontrol\u00fc yap\u0131ld\u0131. Ayr\u0131ca, su \u00fcr\u00fcnleri sat\u0131\u015f noktalar\u0131ndaki hijyen \u015fartlar\u0131 da denetlendi.<br \/><\/p>\n","protected":false},"excerpt":{"rendered":"<p>Buharkent \u0130l\u00e7e Tar\u0131m ve Orman M\u00fcd\u00fcrl\u00fc\u011f\u00fc taraf\u0131ndan il\u00e7edeki su \u00fcr\u00fcnleri avc\u0131l\u0131\u011f\u0131 yapan bal\u0131k\u00e7\u0131lar ve i\u015fletmelerde denetim ger\u00e7ekle\u015ftirildi. Buharkent \u0130l\u00e7e Tar\u0131m ve Orman M\u00fcd\u00fcrl\u00fc\u011f\u00fc\u2019n\u00fcn su \u00fcr\u00fcnleri avc\u0131l\u0131\u011f\u0131 ve sat\u0131\u015f\u0131na y\u00f6nelik denetimleri s\u00fcr\u00fcyor. Tar\u0131m ve Orman \u0130l\u00e7e M\u00fcd\u00fcr\u00fc \u0130brahim Selli\u2019nin de kat\u0131ld\u0131\u011f\u0131 yasa d\u0131\u015f\u0131 avc\u0131l\u0131kla m\u00fccadele ve s\u00fcrd\u00fcr\u00fclebilir bal\u0131k\u00e7\u0131l\u0131k uygulamalar\u0131n\u0131 te\u015fvik etmek amac\u0131yla ger\u00e7ekle\u015ftirilen denetimlerde, su \u00fcr\u00fcnleri&#8230;<\/p>\n","protected":false},"author":1,"featured_media":12251,"comment_status":"open","ping_status":"open","sticky":false,"template":"","format":"standard","meta":{"_crdt_document":"","footnotes":""},"categories":[1],"tags":[],"class_list":["post-12250","post","type-post","status-publish","format-standard","has-post-thumbnail","hentry","category-guncel"],"_links":{"self":[{"href":"https:\/\/www.egemtv.com\/index.php?rest_route=\/wp\/v2\/posts\/12250","targetHints":{"allow":["GET"]}}],"collection":[{"href":"https:\/\/www.egemtv.com\/index.php?rest_route=\/wp\/v2\/posts"}],"about":[{"href":"https:\/\/www.egemtv.com\/index.php?rest_route=\/wp\/v2\/types\/post"}],"author":[{"embeddable":true,"href":"https:\/\/www.egemtv.com\/index.php?rest_route=\/wp\/v2\/users\/1"}],"replies":[{"embeddable":true,"href":"https:\/\/www.egemtv.com\/index.php?rest_route=%2Fwp%2Fv2%2Fcomments&post=12250"}],"version-history":[{"count":1,"href":"https:\/\/www.egemtv.com\/index.php?rest_route=\/wp\/v2\/posts\/12250\/revisions"}],"predecessor-version":[{"id":12252,"href":"https:\/\/www.egemtv.com\/index.php?rest_route=\/wp\/v2\/posts\/12250\/revisions\/12252"}],"wp:featuredmedia":[{"embeddable":true,"href":"https:\/\/www.egemtv.com\/index.php?rest_route=\/wp\/v2\/media\/12251"}],"wp:attachment":[{"href":"https:\/\/www.egemtv.com\/index.php?rest_route=%2Fwp%2Fv2%2Fmedia&parent=12250"}],"wp:term":[{"taxonomy":"category","embeddable":true,"href":"https:\/\/www.egemtv.com\/index.php?rest_route=%2Fwp%2Fv2%2Fcategories&post=12250"},{"taxonomy":"post_tag","embeddable":true,"href":"https:\/\/www.egemtv.com\/index.php?rest_route=%2Fwp%2Fv2%2Ftags&post=12250"}],"curies":[{"name":"wp","href":"https:\/\/api.w.org\/{rel}","templated":true}]}}