{"id":12247,"date":"2025-01-25T10:58:35","date_gmt":"2025-01-25T07:58:35","guid":{"rendered":"https:\/\/www.egemtv.com\/?p=12247"},"modified":"2025-01-25T10:58:37","modified_gmt":"2025-01-25T07:58:37","slug":"milasta-kirmizi-isikta-bekleyen-araclara-saldiri-iddiasi","status":"publish","type":"post","link":"https:\/\/www.egemtv.com\/?p=12247","title":{"rendered":"Milas\u2019ta k\u0131rm\u0131z\u0131 \u0131\u015f\u0131kta bekleyen ara\u00e7lara sald\u0131r\u0131 iddias\u0131"},"content":{"rendered":"<p>Mu\u011fla\u2019n\u0131n Milas il\u00e7esinde, 19 May\u0131s Bulvar\u0131 ile Labranda Bulvar\u0131\u2019n\u0131n ba\u011flant\u0131 noktas\u0131 olan Adliye Kav\u015fa\u011f\u0131\u2019nda meydana gelen olay, s\u00fcr\u00fcc\u00fcler aras\u0131nda pani\u011fe yol a\u00e7t\u0131. Edinilen bilgilere g\u00f6re, kimli\u011fi belirsiz ki\u015filer k\u0131rm\u0131z\u0131 \u0131\u015f\u0131kta bekleyen otomobillere ta\u015f atarak camlar\u0131n\u0131 k\u0131rd\u0131 ve baz\u0131 ara\u00e7lar\u0131n kaportalar\u0131na zarar verdi.<br \/>\n<br \/>Sald\u0131r\u0131 sonucu baz\u0131 ara\u00e7lar\u0131n camlar\u0131 k\u0131r\u0131l\u0131rken, baz\u0131 ara\u00e7larda ise kaportada g\u00f6\u00e7\u00fckler olu\u015ftu. Olay s\u0131ras\u0131nda ara\u00e7lar\u0131nda bekleyen s\u00fcr\u00fcc\u00fcler, kim ya da kimler taraf\u0131ndan ve hangi ama\u00e7la b\u00f6yle bir eylem ger\u00e7ekle\u015ftirildi\u011fini, ta\u015flar\u0131n nereden geldi\u011fini g\u00f6remediklerini ifade etti.<br \/>\n<br \/>S\u00fcr\u00fcc\u00fcler, sald\u0131rganlar\u0131n k\u0131rm\u0131z\u0131 \u0131\u015f\u0131kta bekleyen ara\u00e7lar\u0131 pani\u011fe s\u00fcr\u00fckleyerek kontrols\u00fcz bir \u015fekilde hareket ettirip kav\u015fakta ye\u015fil \u0131\u015f\u0131kta ilerleyen di\u011fer ara\u00e7larla \u00e7arp\u0131\u015fmalar\u0131n\u0131 sa\u011flamaya \u00e7al\u0131\u015fm\u0131\u015f olabilece\u011fini iddia etti. Bu t\u00fcr olaylar\u0131n trafik kazalar\u0131na neden olabilece\u011fi ve b\u00fcy\u00fck tehlikelere sebebiyet verebilece\u011fi belirtildi.<br \/>\n<br \/>Ya\u015fanan olay nedeniyle ara\u00e7lar\u0131nda hasar meydana gelen vatanda\u015flar, faillerin bulunmas\u0131 ve benzer olaylar\u0131n tekrarlanmamas\u0131 i\u00e7in yetkililerden \u00e7\u00f6z\u00fcm beklediklerini dile getirdi.<br \/><\/p>\n","protected":false},"excerpt":{"rendered":"<p>Mu\u011fla\u2019n\u0131n Milas il\u00e7esinde, 19 May\u0131s Bulvar\u0131 ile Labranda Bulvar\u0131\u2019n\u0131n ba\u011flant\u0131 noktas\u0131 olan Adliye Kav\u015fa\u011f\u0131\u2019nda meydana gelen olay, s\u00fcr\u00fcc\u00fcler aras\u0131nda pani\u011fe yol a\u00e7t\u0131. Edinilen bilgilere g\u00f6re, kimli\u011fi belirsiz ki\u015filer k\u0131rm\u0131z\u0131 \u0131\u015f\u0131kta bekleyen otomobillere ta\u015f atarak camlar\u0131n\u0131 k\u0131rd\u0131 ve baz\u0131 ara\u00e7lar\u0131n kaportalar\u0131na zarar verdi. Sald\u0131r\u0131 sonucu baz\u0131 ara\u00e7lar\u0131n camlar\u0131 k\u0131r\u0131l\u0131rken, baz\u0131 ara\u00e7larda ise kaportada g\u00f6\u00e7\u00fckler olu\u015ftu. Olay&#8230;<\/p>\n","protected":false},"author":1,"featured_media":12248,"comment_status":"open","ping_status":"open","sticky":false,"template":"","format":"standard","meta":{"_crdt_document":"","footnotes":""},"categories":[5],"tags":[],"class_list":["post-12247","post","type-post","status-publish","format-standard","has-post-thumbnail","hentry","category-asayis"],"_links":{"self":[{"href":"https:\/\/www.egemtv.com\/index.php?rest_route=\/wp\/v2\/posts\/12247","targetHints":{"allow":["GET"]}}],"collection":[{"href":"https:\/\/www.egemtv.com\/index.php?rest_route=\/wp\/v2\/posts"}],"about":[{"href":"https:\/\/www.egemtv.com\/index.php?rest_route=\/wp\/v2\/types\/post"}],"author":[{"embeddable":true,"href":"https:\/\/www.egemtv.com\/index.php?rest_route=\/wp\/v2\/users\/1"}],"replies":[{"embeddable":true,"href":"https:\/\/www.egemtv.com\/index.php?rest_route=%2Fwp%2Fv2%2Fcomments&post=12247"}],"version-history":[{"count":1,"href":"https:\/\/www.egemtv.com\/index.php?rest_route=\/wp\/v2\/posts\/12247\/revisions"}],"predecessor-version":[{"id":12249,"href":"https:\/\/www.egemtv.com\/index.php?rest_route=\/wp\/v2\/posts\/12247\/revisions\/12249"}],"wp:featuredmedia":[{"embeddable":true,"href":"https:\/\/www.egemtv.com\/index.php?rest_route=\/wp\/v2\/media\/12248"}],"wp:attachment":[{"href":"https:\/\/www.egemtv.com\/index.php?rest_route=%2Fwp%2Fv2%2Fmedia&parent=12247"}],"wp:term":[{"taxonomy":"category","embeddable":true,"href":"https:\/\/www.egemtv.com\/index.php?rest_route=%2Fwp%2Fv2%2Fcategories&post=12247"},{"taxonomy":"post_tag","embeddable":true,"href":"https:\/\/www.egemtv.com\/index.php?rest_route=%2Fwp%2Fv2%2Ftags&post=12247"}],"curies":[{"name":"wp","href":"https:\/\/api.w.org\/{rel}","templated":true}]}}