{"id":12244,"date":"2025-01-25T10:58:32","date_gmt":"2025-01-25T07:58:32","guid":{"rendered":"https:\/\/www.egemtv.com\/?p=12244"},"modified":"2025-01-25T10:58:35","modified_gmt":"2025-01-25T07:58:35","slug":"manisali-isitme-engelli-sporcu-turkiye-sampiyonu","status":"publish","type":"post","link":"https:\/\/www.egemtv.com\/?p=12244","title":{"rendered":"Manisal\u0131 i\u015fitme engelli sporcu T\u00fcrkiye \u015fampiyonu"},"content":{"rendered":"<p>Manisa\u2019n\u0131n Salihli il\u00e7esinin i\u015fitme engelli sporcusu Yadigar Talayhan, Emre Yazgan G\u00f6rme ve \u0130\u015fitme Engelliler T\u00fcrkiye Judo \u015eampiyonas\u0131\u2019nda 78 kiloda T\u00fcrkiye \u015fampiyonu olup, alt\u0131n madalyan\u0131n sahibi oldu.<br \/>\n<br \/>Emre Yazgan G\u00f6rme ve \u0130\u015fitme Engelliler T\u00fcrkiye Judo \u015eampiyonas\u0131, Ankara\u2019da d\u00fczenlendi. \u015eampiyonaya farkl\u0131 illerden \u00e7ok say\u0131da engelli sporcu kat\u0131ld\u0131.<br \/>\n<br \/>\u015eampiyonaya kat\u0131lan 1922 Salihli Spor Kul\u00fcb\u00fc sporcusu Yadigar Talayhan, B\u00fcy\u00fckler \u0130\u015fitme Engelliler 78 kiloda T\u00fcrkiye \u015eampiyonu oldu. \u015eampiyonada alt\u0131n madalyan\u0131n sahibi olan Salihlili i\u015fitme engelli sporcu Yadigar Talayhan, hem kul\u00fcb\u00fcne, hem de Salihli\u2019ye b\u00fcy\u00fck gurur ya\u015fatt\u0131. 1922 Salihli Spor Kul\u00fcb\u00fc Y\u00f6netimi, Emre Yazgan G\u00f6rme ve \u0130\u015fitme Engelliler T\u00fcrkiye Judo \u015eampiyonas\u0131\u2019nda 78 kiloda T\u00fcrkiye \u015fampiyonu olan Yadigar Talayhan\u2019\u0131 tebrik edip, ba\u015far\u0131lar\u0131n\u0131n devam\u0131n\u0131 diledi.<br \/><\/p>\n","protected":false},"excerpt":{"rendered":"<p>Manisa\u2019n\u0131n Salihli il\u00e7esinin i\u015fitme engelli sporcusu Yadigar Talayhan, Emre Yazgan G\u00f6rme ve \u0130\u015fitme Engelliler T\u00fcrkiye Judo \u015eampiyonas\u0131\u2019nda 78 kiloda T\u00fcrkiye \u015fampiyonu olup, alt\u0131n madalyan\u0131n sahibi oldu. Emre Yazgan G\u00f6rme ve \u0130\u015fitme Engelliler T\u00fcrkiye Judo \u015eampiyonas\u0131, Ankara\u2019da d\u00fczenlendi. \u015eampiyonaya farkl\u0131 illerden \u00e7ok say\u0131da engelli sporcu kat\u0131ld\u0131. \u015eampiyonaya kat\u0131lan 1922 Salihli Spor Kul\u00fcb\u00fc sporcusu Yadigar Talayhan, B\u00fcy\u00fckler&#8230;<\/p>\n","protected":false},"author":1,"featured_media":12245,"comment_status":"open","ping_status":"open","sticky":false,"template":"","format":"standard","meta":{"_crdt_document":"","footnotes":""},"categories":[4],"tags":[],"class_list":["post-12244","post","type-post","status-publish","format-standard","has-post-thumbnail","hentry","category-spor"],"_links":{"self":[{"href":"https:\/\/www.egemtv.com\/index.php?rest_route=\/wp\/v2\/posts\/12244","targetHints":{"allow":["GET"]}}],"collection":[{"href":"https:\/\/www.egemtv.com\/index.php?rest_route=\/wp\/v2\/posts"}],"about":[{"href":"https:\/\/www.egemtv.com\/index.php?rest_route=\/wp\/v2\/types\/post"}],"author":[{"embeddable":true,"href":"https:\/\/www.egemtv.com\/index.php?rest_route=\/wp\/v2\/users\/1"}],"replies":[{"embeddable":true,"href":"https:\/\/www.egemtv.com\/index.php?rest_route=%2Fwp%2Fv2%2Fcomments&post=12244"}],"version-history":[{"count":1,"href":"https:\/\/www.egemtv.com\/index.php?rest_route=\/wp\/v2\/posts\/12244\/revisions"}],"predecessor-version":[{"id":12246,"href":"https:\/\/www.egemtv.com\/index.php?rest_route=\/wp\/v2\/posts\/12244\/revisions\/12246"}],"wp:featuredmedia":[{"embeddable":true,"href":"https:\/\/www.egemtv.com\/index.php?rest_route=\/wp\/v2\/media\/12245"}],"wp:attachment":[{"href":"https:\/\/www.egemtv.com\/index.php?rest_route=%2Fwp%2Fv2%2Fmedia&parent=12244"}],"wp:term":[{"taxonomy":"category","embeddable":true,"href":"https:\/\/www.egemtv.com\/index.php?rest_route=%2Fwp%2Fv2%2Fcategories&post=12244"},{"taxonomy":"post_tag","embeddable":true,"href":"https:\/\/www.egemtv.com\/index.php?rest_route=%2Fwp%2Fv2%2Ftags&post=12244"}],"curies":[{"name":"wp","href":"https:\/\/api.w.org\/{rel}","templated":true}]}}