{"id":12241,"date":"2025-01-25T10:55:55","date_gmt":"2025-01-25T07:55:55","guid":{"rendered":"https:\/\/www.egemtv.com\/?p=12241"},"modified":"2025-01-25T10:55:57","modified_gmt":"2025-01-25T07:55:57","slug":"koycegiz-golunun-beyaz-niluferi-dunyaya-aciliyor","status":"publish","type":"post","link":"https:\/\/www.egemtv.com\/?p=12241","title":{"rendered":"K\u00f6yce\u011fiz G\u00f6l\u00fc\u2019n\u00fcn \u2019beyaz nil\u00fcfer\u2019i d\u00fcnyaya a\u00e7\u0131l\u0131yor"},"content":{"rendered":"<p>Mu\u011fla, do\u011fal kaynaklar\u0131 a\u00e7\u0131s\u0131ndan T\u00fcrkiye\u2019nin en zengin illerinden birisi olmas\u0131n\u0131n yan\u0131nda, \u00e7ok say\u0131da mikro klimaya sahip. Bir\u00e7ok endemik bitkiye de ev sahipli\u011fi yapan Mu\u011fla\u2019n\u0131n K\u00f6yce\u011fiz G\u00f6l\u00fc \u00e7evresinde nisan-may\u0131s aylar\u0131nda \u00e7i\u00e7ek a\u00e7an beyaz nil\u00fcfer bitkisi d\u00fcnyada ilk defa bilimsel ara\u015ft\u0131rmaya konu oluyor.<\/p>\n<p>K\u00f6yce\u011fiz G\u00f6l\u00fc, d\u00fcnyada denize ba\u011flanan 7 g\u00f6lden birisi<br \/>\n<br \/>Mu\u011fla\u2019n\u0131n K\u00f6yce\u011fiz il\u00e7esi, do\u011fal kanallarla denize ba\u011flanan d\u00fcnyadaki 7 g\u00f6lden birisine sahip. Sazl\u0131klarla kapl\u0131 kanalla Dalyan bo\u011faz\u0131ndan Akdeniz\u2019e ba\u011flanan K\u00f6yce\u011fiz G\u00f6l\u00fc, kanallar ile denize ba\u011flanmakla kalmay\u0131p i\u00e7erisinde termal kaynak ve \u00e7amur banyosu bulunduran d\u00fcnyan\u0131n tek g\u00f6l\u00fc olma \u00f6zelli\u011fi ile sahip oldu\u011fu ekosistemde, farkl\u0131 bitki ve canl\u0131lar\u0131 da b\u00fcnyesinde bar\u0131nd\u0131r\u0131yor.<\/p>\n<p>\u0130lk defa bilimsel ara\u015ft\u0131rmaya konu oluyor<br \/>\n<br \/>K\u00f6yce\u011fiz G\u00f6l\u00fc\u2019nde ve g\u00f6le ba\u011flanan kanallarda y\u00f6re halk\u0131 taraf\u0131ndan bilinen, ancak \u00fcretime y\u00f6nelik hi\u00e7bir bilimsel \u00e7al\u0131\u015fman\u0131n yap\u0131lmad\u0131\u011f\u0131 beyaz nil\u00fcfer bitkisi ilk defa bilimsel ara\u015ft\u0131rma konusu oldu. Mu\u011fla S\u0131tk\u0131 Ko\u00e7man \u00dcniversitesi Kozmetik \u00dcr\u00fcnler Uygulama ve Ara\u015ft\u0131rma Merkezi M\u00fcd\u00fcr\u00fc Prof. Dr. Nazan Demir\u2019in dan\u0131\u015fmanl\u0131\u011f\u0131nda, K\u00f6yce\u011fizli doktora \u00f6\u011frencisi Yi\u011fit Deveci taraf\u0131ndan nil\u00fcfer bitkisinin geni\u015f kimyasal fonksiyonlar\u0131 bilimsel olarak ara\u015ft\u0131r\u0131l\u0131yor.<\/p>\n<p>\u201cEnd\u00fcstriyel olarak \u00e7ok de\u011ferli\u201d<br \/>\n<br \/>\u2018K\u00f6yce\u011fiz G\u00f6l\u00fcnde Do\u011fal Olarak Yeti\u015fen Beyaz Nil\u00fcfer\u2019in Farkl\u0131 Biyoaktivitelerinin Belirlenmesi ve End\u00fcstriyel Kullan\u0131mlar\u0131n\u0131n Ara\u015ft\u0131r\u0131lmas\u0131\u2019 projesi \u00e7er\u00e7evesinde beyaz nil\u00fcfer bitkisi, biyoaktivitelerinin belirlenmesinin yan\u0131nda kozmetik, g\u0131da ve ila\u00e7 prototipleri belirlenecek. Mu\u011fla S\u0131tk\u0131 Ko\u00e7man \u00dcniversitesi Kozmetik \u00dcr\u00fcnler Uygulama ve Ara\u015ft\u0131rma Merkezi M\u00fcd\u00fcr\u00fc Prof. Dr. Nazan Demir yapt\u0131\u011f\u0131 a\u00e7\u0131klamada, \u201cK\u00f6yce\u011fiz G\u00f6l\u00fc d\u00fcnyada do\u011fal kanallarla denize ba\u011flanan 7 g\u00f6lden birisi. Bu \u00f6zelli\u011finin yan\u0131nda kanal \u00fczerinde termal kaynaklar\u0131 bulunmas\u0131 nedeniyle d\u00fcnyada tek g\u00f6l diyebiliriz. Burada yeti\u015fen t\u00fcm bitkilerin hem endemik olmas\u0131 a\u00e7\u0131s\u0131ndan hem de yeti\u015fti\u011fi \u015fartlar g\u00f6z \u00f6n\u00fcne al\u0131nd\u0131\u011f\u0131nda end\u00fcstriyel olarak \u00e7ok de\u011ferli. Bu ara\u015ft\u0131rma hem b\u00f6lge halk\u0131na maddi destek sa\u011flayacak hem de eko turizm a\u00e7\u0131s\u0131ndan da g\u00f6l\u00fcn \u00f6nemini art\u0131racakt\u0131r. B\u00fct\u00fcn d\u00fcnyada en kutsal bitkiler s\u0131ralamas\u0131nda belki de ilk s\u0131rada olan nisan-may\u0131s aylar\u0131nda \u00e7i\u00e7ek a\u00e7an beyaz nil\u00fcfer bitkisi maalesef \u00fclkemizde gereken ilgiyi bilimsel olarak g\u00f6rmemi\u015ftir. \u00c7al\u0131\u015fma kapsam\u0131nda beyaz nil\u00fcfer bitkisinin biyoaktivitelerinin belirlenmesinin yan\u0131 s\u0131ra kozmetik, g\u0131da ve ila\u00e7 prototipleri de geli\u015ftirilecektir. Proje i\u00e7eri\u011findeki \u00e7al\u0131\u015fmalar ile katma de\u011feri y\u00fcksek olmas\u0131 planlanan \u00fcr\u00fcnler, b\u00f6lge halk\u0131na sosyoekonomik olarak destek sa\u011flayacak \u00e7\u0131kt\u0131lar ile sonu\u00e7lanmas\u0131 beklentisi bir hayli y\u00fcksektir. Amac\u0131m\u0131z K\u00f6yce\u011fiz G\u00f6l\u00fc\u2019n\u00fcn beyaz nil\u00fcferini d\u00fcnyaya tan\u0131tmak\u201d dedi.<\/p>\n<p>Demir, t\u0131bbi ve aromatik bitkiler \u00fczerindeki ara\u015ft\u0131rma ve projeleri ile tan\u0131n\u0131yor<br \/>\n<br \/>Proje dan\u0131\u015fmanl\u0131\u011f\u0131n\u0131 y\u00fcr\u00fcten MSK\u00dc Kozmetik \u00dcr\u00fcnler Uygulama ve Ara\u015ft\u0131rma Merkezi M\u00fcd\u00fcr\u00fc Prof. Dr. Nazan Demir, merkez b\u00fcnyesinde y\u00fcr\u00fctt\u00fc\u011f\u00fc \u00e7al\u0131\u015fmalar ile Mu\u011fla b\u00f6lgesine katma de\u011fer sa\u011flayan endemik, t\u0131bbi ve aromatik \u00fcr\u00fcnler \u00fczerindeki \u00e7al\u0131\u015fmalar\u0131 ve projeleri ile tan\u0131n\u0131yor. Demir, etken maddelerden baz\u0131lar\u0131n\u0131n genlerinin mikroorganizmalarda klonlamas\u0131yla, biyoteknolojik olarak \u00fcretilmesini de proje sonras\u0131 \u00e7al\u0131\u015fmalar\u0131nda hedefliyor.<\/p>\n<p>Beyaz Nil\u00fcfer \u00c7i\u00e7e\u011fi<br \/>\n<br \/>Beyaz nil\u00fcfer (Nymphaea alba), nil\u00fcfergiller (Nymphaeaceae) familyas\u0131ndan bir nil\u00fcfer t\u00fcr\u00fc. Kuzey Amerika, Avrupa ve Asya\u2019n\u0131n bat\u0131 ve orta k\u0131s\u0131mlar\u0131nda genellikle yava\u015f akan \u0131rmak kenarlar\u0131, g\u00f6l ve g\u00f6letlerde do\u011fal olarak yeti\u015fir, so\u011fu\u011fa dayan\u0131kl\u0131 bir t\u00fcrd\u00fcr. Efsaneye g\u00f6re Eski M\u0131s\u0131r ba\u015flang\u0131\u00e7ta karanl\u0131klar alt\u0131ndayd\u0131 ve Nil\u2019de bir karma\u015fa vard\u0131. Bu karma\u015fa nil\u00fcfer \u00e7i\u00e7e\u011finin ortaya \u00e7\u0131kmas\u0131na kadar s\u00fcrd\u00fc. O ana kadar her yer karanl\u0131kken bahar ay\u0131n\u0131n gelmesiyle a\u00e7an nil\u00fcferin etkisiyle ayd\u0131nland\u0131. \u00d6\u011fle saatlerinde nil\u00fcferden yay\u0131lan tatl\u0131 koku yery\u00fcz\u00fcne ya\u015fam verdi.<br \/>\n<br \/>Beyaz nil\u00fcferde a\u00e7an \u00e7i\u00e7ekler yakla\u015f\u0131k 8-10 g\u00fcn i\u00e7erisinde \u00f6l\u00fcr ve alttan gelen yeni tomurcuklar a\u00e7maya devam eder.<br \/><\/p>\n","protected":false},"excerpt":{"rendered":"<p>Mu\u011fla, do\u011fal kaynaklar\u0131 a\u00e7\u0131s\u0131ndan T\u00fcrkiye\u2019nin en zengin illerinden birisi olmas\u0131n\u0131n yan\u0131nda, \u00e7ok say\u0131da mikro klimaya sahip. Bir\u00e7ok endemik bitkiye de ev sahipli\u011fi yapan Mu\u011fla\u2019n\u0131n K\u00f6yce\u011fiz G\u00f6l\u00fc \u00e7evresinde nisan-may\u0131s aylar\u0131nda \u00e7i\u00e7ek a\u00e7an beyaz nil\u00fcfer bitkisi d\u00fcnyada ilk defa bilimsel ara\u015ft\u0131rmaya konu oluyor. K\u00f6yce\u011fiz G\u00f6l\u00fc, d\u00fcnyada denize ba\u011flanan 7 g\u00f6lden birisi Mu\u011fla\u2019n\u0131n K\u00f6yce\u011fiz il\u00e7esi, do\u011fal kanallarla denize&#8230;<\/p>\n","protected":false},"author":1,"featured_media":12242,"comment_status":"open","ping_status":"open","sticky":false,"template":"","format":"standard","meta":{"_crdt_document":"","footnotes":""},"categories":[124],"tags":[],"class_list":["post-12241","post","type-post","status-publish","format-standard","has-post-thumbnail","hentry","category-bilim"],"_links":{"self":[{"href":"https:\/\/www.egemtv.com\/index.php?rest_route=\/wp\/v2\/posts\/12241","targetHints":{"allow":["GET"]}}],"collection":[{"href":"https:\/\/www.egemtv.com\/index.php?rest_route=\/wp\/v2\/posts"}],"about":[{"href":"https:\/\/www.egemtv.com\/index.php?rest_route=\/wp\/v2\/types\/post"}],"author":[{"embeddable":true,"href":"https:\/\/www.egemtv.com\/index.php?rest_route=\/wp\/v2\/users\/1"}],"replies":[{"embeddable":true,"href":"https:\/\/www.egemtv.com\/index.php?rest_route=%2Fwp%2Fv2%2Fcomments&post=12241"}],"version-history":[{"count":1,"href":"https:\/\/www.egemtv.com\/index.php?rest_route=\/wp\/v2\/posts\/12241\/revisions"}],"predecessor-version":[{"id":12243,"href":"https:\/\/www.egemtv.com\/index.php?rest_route=\/wp\/v2\/posts\/12241\/revisions\/12243"}],"wp:featuredmedia":[{"embeddable":true,"href":"https:\/\/www.egemtv.com\/index.php?rest_route=\/wp\/v2\/media\/12242"}],"wp:attachment":[{"href":"https:\/\/www.egemtv.com\/index.php?rest_route=%2Fwp%2Fv2%2Fmedia&parent=12241"}],"wp:term":[{"taxonomy":"category","embeddable":true,"href":"https:\/\/www.egemtv.com\/index.php?rest_route=%2Fwp%2Fv2%2Fcategories&post=12241"},{"taxonomy":"post_tag","embeddable":true,"href":"https:\/\/www.egemtv.com\/index.php?rest_route=%2Fwp%2Fv2%2Ftags&post=12241"}],"curies":[{"name":"wp","href":"https:\/\/api.w.org\/{rel}","templated":true}]}}